{"id":310,"date":"2025-12-01T17:12:35","date_gmt":"2025-12-01T16:12:35","guid":{"rendered":"https:\/\/gicd.inf.um.es\/csidcav\/usuario10\/?p=310"},"modified":"2025-12-05T00:43:08","modified_gmt":"2025-12-04T23:43:08","slug":"dune","status":"publish","type":"post","link":"https:\/\/gicd.inf.um.es\/csidcav\/usuario10\/dune\/","title":{"rendered":"Dune"},"content":{"rendered":"\n<h2 class=\"wp-block-heading\">Sinopsis<\/h2>\n\n\n\n<p>Ambientada en un futuro lejano donde los imperios gal\u00e1cticos se sostienen mediante intrigas pol\u00edticas, religi\u00f3n y poder econ\u00f3mico,&nbsp;<em>Dune<\/em>&nbsp;sigue la historia de&nbsp;<strong>Paul Atreides<\/strong>, heredero de la Casa Atreides. Su familia recibe el control del planeta des\u00e9rtico&nbsp;<strong>Arrakis<\/strong>, el \u00fanico lugar donde se encuentra la&nbsp;<strong>especia melange<\/strong>, la sustancia m\u00e1s valiosa del universo porque permite viajes interestelares, longevidad y poderes mentales.<\/p>\n\n\n\n<p>Arrakis es un mundo hostil lleno de tormentas gigantes, gusanos de arena colosales y los&nbsp;<strong>Fremen<\/strong>, un pueblo resistente que ha aprendido a sobrevivir en el desierto. Tras una traici\u00f3n que destruye a su familia, Paul se une a los Fremen y comienza una transformaci\u00f3n que lo lleva a convertirse en un l\u00edder mesi\u00e1nico con la capacidad \u00fanica de ver futuros posibles.<\/p>\n\n\n\n<p>A lo largo de la saga, Paul y su descendencia enfrentan guerras, fanatismos, profec\u00edas, rebeliones y ciclos de poder que ponen a prueba no solo la galaxia, sino tambi\u00e9n el destino de la humanidad. La serie explora temas como el liderazgo, la ecolog\u00eda, la manipulaci\u00f3n pol\u00edtica, la religi\u00f3n y los peligros de seguir a un mes\u00edas.<\/p>\n\n\n\n<h2 class=\"wp-block-heading\">Sobre el autor<\/h2>\n\n\n\n<div class=\"wp-block-media-text is-stacked-on-mobile\"><figure class=\"wp-block-media-text__media\"><img loading=\"lazy\" decoding=\"async\" width=\"817\" height=\"1024\" src=\"https:\/\/gicd.inf.um.es\/csidcav\/usuario10\/wp-content\/uploads\/2025\/12\/Frank-Herbert-The-Museum-of-History-Industry-MOHAI-817x1024.jpg\" alt=\"Frank Herbert\" class=\"wp-image-368 size-full\" srcset=\"https:\/\/gicd.inf.um.es\/csidcav\/usuario10\/wp-content\/uploads\/2025\/12\/Frank-Herbert-The-Museum-of-History-Industry-MOHAI-817x1024.jpg 817w, https:\/\/gicd.inf.um.es\/csidcav\/usuario10\/wp-content\/uploads\/2025\/12\/Frank-Herbert-The-Museum-of-History-Industry-MOHAI-239x300.jpg 239w, https:\/\/gicd.inf.um.es\/csidcav\/usuario10\/wp-content\/uploads\/2025\/12\/Frank-Herbert-The-Museum-of-History-Industry-MOHAI-768x962.jpg 768w, https:\/\/gicd.inf.um.es\/csidcav\/usuario10\/wp-content\/uploads\/2025\/12\/Frank-Herbert-The-Museum-of-History-Industry-MOHAI.jpg 1024w\" sizes=\"auto, (max-width: 817px) 100vw, 817px\" \/><\/figure><div class=\"wp-block-media-text__content\">\n<p><strong>Frank Patrick Herbert<\/strong>&nbsp;fue un escritor estadounidense que naci\u00f3 en Tacoma, Washington, el 8 de octubre de 1920 y que falleci\u00f3 el 11 de febrero de 1986. Tras estudiar en la Universidad de Washington tuvo varias profesiones, desde fot\u00f3grafo a c\u00e1mara de televisi\u00f3n o pescador de ostras.<\/p>\n\n\n\n<p>Comenz\u00f3 a publicar en los a\u00f1os 50, vendiendo art\u00edculos y relatos a revistas, hasta que en 1952 public\u00f3 su primer relato de ciencia ficci\u00f3n:&nbsp;<em>\u00bfEst\u00e1 usted buscando algo?<\/em>&nbsp;Cuatro a\u00f1os m\u00e1s tarde sali\u00f3 a la luz su primera novela,&nbsp;<em>El drag\u00f3n en el mar<\/em>,&nbsp;conocida m\u00e1s tarde como&nbsp;<em>Bajo presi\u00f3n<\/em>.<\/p>\n\n\n\n<p>No ser\u00eda hasta 1965 cuando finalmente le lleg\u00f3 el \u00e9xito a&nbsp;<strong>Herbert&nbsp;<\/strong>con la inauguraci\u00f3n de la famosa serie Dune, donde presentaba un mundo imaginario con su propia pol\u00edtica, ecolog\u00eda y estructura social. La primera obra de la saga,&nbsp;<em>Dune<\/em>, que pronto se ver\u00eda continuada por otras novelas como&nbsp;<em>El mes\u00edas de Dune<\/em>&nbsp;o&nbsp;<em>Hijos de Dune<\/em>, obtuvo los premios&nbsp;<strong>N\u00e9bula<\/strong>&nbsp;y&nbsp;<strong>Hugo<\/strong>, adem\u00e1s del Premio Internacional de Fantas\u00eda, que comparti\u00f3 con&nbsp;<em>El se\u00f1or de las moscas<\/em>&nbsp;de&nbsp;<strong>William Golding<\/strong>. La saga ha sido adaptada en varias ocasiones al cine, siendo la pel\u00edcula m\u00e1s exitosa la dirigida por Denis Villeneuve.<\/p>\n\n\n\n<p><strong>Herbert<\/strong>&nbsp;se hizo conocido tambi\u00e9n por su creaci\u00f3n de una \u00abgranja biol\u00f3gica\u00bb donde estuvo conviviendo con su familia en armon\u00eda con la naturaleza.<\/p>\n<\/div><\/div>\n\n\n\n<h2 class=\"wp-block-heading\">Adaptaci\u00f3n cinematogr\u00e1fica<\/h2>\n\n\n\n<figure class=\"wp-block-gallery has-nested-images columns-default is-cropped wp-block-gallery-1 is-layout-flex wp-block-gallery-is-layout-flex\">\n<figure class=\"wp-block-image size-large\"><a href=\"https:\/\/gicd.inf.um.es\/csidcav\/usuario10\/wp-content\/uploads\/2025\/12\/61b5e450ef523.jpg\"><img loading=\"lazy\" decoding=\"async\" width=\"1024\" height=\"576\" data-id=\"363\" src=\"https:\/\/gicd.inf.um.es\/csidcav\/usuario10\/wp-content\/uploads\/2025\/12\/61b5e450ef523-1024x576.jpg\" alt=\"dune 5\" class=\"wp-image-363\" srcset=\"https:\/\/gicd.inf.um.es\/csidcav\/usuario10\/wp-content\/uploads\/2025\/12\/61b5e450ef523-1024x576.jpg 1024w, https:\/\/gicd.inf.um.es\/csidcav\/usuario10\/wp-content\/uploads\/2025\/12\/61b5e450ef523-300x169.jpg 300w, https:\/\/gicd.inf.um.es\/csidcav\/usuario10\/wp-content\/uploads\/2025\/12\/61b5e450ef523-768x432.jpg 768w, https:\/\/gicd.inf.um.es\/csidcav\/usuario10\/wp-content\/uploads\/2025\/12\/61b5e450ef523-1536x864.jpg 1536w, https:\/\/gicd.inf.um.es\/csidcav\/usuario10\/wp-content\/uploads\/2025\/12\/61b5e450ef523-1280x720.jpg 1280w, https:\/\/gicd.inf.um.es\/csidcav\/usuario10\/wp-content\/uploads\/2025\/12\/61b5e450ef523.jpg 1920w\" sizes=\"auto, (max-width: 1024px) 100vw, 1024px\" \/><\/a><\/figure>\n\n\n\n<figure class=\"wp-block-image size-large\"><a href=\"https:\/\/gicd.inf.um.es\/csidcav\/usuario10\/wp-content\/uploads\/2025\/12\/6139009d89c73.jpg\"><img loading=\"lazy\" decoding=\"async\" width=\"1024\" height=\"576\" data-id=\"367\" src=\"https:\/\/gicd.inf.um.es\/csidcav\/usuario10\/wp-content\/uploads\/2025\/12\/6139009d89c73-1024x576.jpg\" alt=\"dune 1\" class=\"wp-image-367\" srcset=\"https:\/\/gicd.inf.um.es\/csidcav\/usuario10\/wp-content\/uploads\/2025\/12\/6139009d89c73-1024x576.jpg 1024w, https:\/\/gicd.inf.um.es\/csidcav\/usuario10\/wp-content\/uploads\/2025\/12\/6139009d89c73-300x169.jpg 300w, https:\/\/gicd.inf.um.es\/csidcav\/usuario10\/wp-content\/uploads\/2025\/12\/6139009d89c73-768x432.jpg 768w, https:\/\/gicd.inf.um.es\/csidcav\/usuario10\/wp-content\/uploads\/2025\/12\/6139009d89c73-1536x864.jpg 1536w, https:\/\/gicd.inf.um.es\/csidcav\/usuario10\/wp-content\/uploads\/2025\/12\/6139009d89c73-1280x720.jpg 1280w, https:\/\/gicd.inf.um.es\/csidcav\/usuario10\/wp-content\/uploads\/2025\/12\/6139009d89c73.jpg 1920w\" sizes=\"auto, (max-width: 1024px) 100vw, 1024px\" \/><\/a><\/figure>\n\n\n\n<figure class=\"wp-block-image size-large\"><a href=\"https:\/\/gicd.inf.um.es\/csidcav\/usuario10\/wp-content\/uploads\/2025\/12\/65d5d43cdb76c.jpg\"><img loading=\"lazy\" decoding=\"async\" width=\"1024\" height=\"576\" data-id=\"364\" src=\"https:\/\/gicd.inf.um.es\/csidcav\/usuario10\/wp-content\/uploads\/2025\/12\/65d5d43cdb76c-1024x576.jpg\" alt=\"dune 4\" class=\"wp-image-364\" srcset=\"https:\/\/gicd.inf.um.es\/csidcav\/usuario10\/wp-content\/uploads\/2025\/12\/65d5d43cdb76c-1024x576.jpg 1024w, https:\/\/gicd.inf.um.es\/csidcav\/usuario10\/wp-content\/uploads\/2025\/12\/65d5d43cdb76c-300x169.jpg 300w, https:\/\/gicd.inf.um.es\/csidcav\/usuario10\/wp-content\/uploads\/2025\/12\/65d5d43cdb76c-768x432.jpg 768w, https:\/\/gicd.inf.um.es\/csidcav\/usuario10\/wp-content\/uploads\/2025\/12\/65d5d43cdb76c-1536x864.jpg 1536w, https:\/\/gicd.inf.um.es\/csidcav\/usuario10\/wp-content\/uploads\/2025\/12\/65d5d43cdb76c-1280x720.jpg 1280w, https:\/\/gicd.inf.um.es\/csidcav\/usuario10\/wp-content\/uploads\/2025\/12\/65d5d43cdb76c.jpg 1920w\" sizes=\"auto, (max-width: 1024px) 100vw, 1024px\" \/><\/a><\/figure>\n\n\n\n<figure class=\"wp-block-image size-large\"><a href=\"https:\/\/gicd.inf.um.es\/csidcav\/usuario10\/wp-content\/uploads\/2025\/12\/6453bd0e9ed5f.jpg\"><img loading=\"lazy\" decoding=\"async\" width=\"1024\" height=\"576\" data-id=\"366\" src=\"https:\/\/gicd.inf.um.es\/csidcav\/usuario10\/wp-content\/uploads\/2025\/12\/6453bd0e9ed5f-1024x576.jpg\" alt=\"dune 2\" class=\"wp-image-366\" srcset=\"https:\/\/gicd.inf.um.es\/csidcav\/usuario10\/wp-content\/uploads\/2025\/12\/6453bd0e9ed5f-1024x576.jpg 1024w, https:\/\/gicd.inf.um.es\/csidcav\/usuario10\/wp-content\/uploads\/2025\/12\/6453bd0e9ed5f-300x169.jpg 300w, https:\/\/gicd.inf.um.es\/csidcav\/usuario10\/wp-content\/uploads\/2025\/12\/6453bd0e9ed5f-768x432.jpg 768w, https:\/\/gicd.inf.um.es\/csidcav\/usuario10\/wp-content\/uploads\/2025\/12\/6453bd0e9ed5f-1536x864.jpg 1536w, https:\/\/gicd.inf.um.es\/csidcav\/usuario10\/wp-content\/uploads\/2025\/12\/6453bd0e9ed5f-1280x720.jpg 1280w, https:\/\/gicd.inf.um.es\/csidcav\/usuario10\/wp-content\/uploads\/2025\/12\/6453bd0e9ed5f.jpg 1920w\" sizes=\"auto, (max-width: 1024px) 100vw, 1024px\" \/><\/a><\/figure>\n\n\n\n<figure class=\"wp-block-image size-large\"><a href=\"https:\/\/gicd.inf.um.es\/csidcav\/usuario10\/wp-content\/uploads\/2025\/12\/65d5d495ab9d1.jpg\"><img loading=\"lazy\" decoding=\"async\" width=\"1024\" height=\"576\" data-id=\"365\" src=\"https:\/\/gicd.inf.um.es\/csidcav\/usuario10\/wp-content\/uploads\/2025\/12\/65d5d495ab9d1-1024x576.jpg\" alt=\"dune 3\" class=\"wp-image-365\" srcset=\"https:\/\/gicd.inf.um.es\/csidcav\/usuario10\/wp-content\/uploads\/2025\/12\/65d5d495ab9d1-1024x576.jpg 1024w, https:\/\/gicd.inf.um.es\/csidcav\/usuario10\/wp-content\/uploads\/2025\/12\/65d5d495ab9d1-300x169.jpg 300w, https:\/\/gicd.inf.um.es\/csidcav\/usuario10\/wp-content\/uploads\/2025\/12\/65d5d495ab9d1-768x432.jpg 768w, https:\/\/gicd.inf.um.es\/csidcav\/usuario10\/wp-content\/uploads\/2025\/12\/65d5d495ab9d1-1536x864.jpg 1536w, https:\/\/gicd.inf.um.es\/csidcav\/usuario10\/wp-content\/uploads\/2025\/12\/65d5d495ab9d1-1280x720.jpg 1280w, https:\/\/gicd.inf.um.es\/csidcav\/usuario10\/wp-content\/uploads\/2025\/12\/65d5d495ab9d1.jpg 1920w\" sizes=\"auto, (max-width: 1024px) 100vw, 1024px\" \/><\/a><\/figure>\n<\/figure>\n\n\n\n<h2 class=\"wp-block-heading\">Cita destacada<\/h2>\n\n\n\n<blockquote class=\"wp-block-quote is-layout-flow wp-block-quote-is-layout-flow\">\n<p>El miedo es el asesino de la mente &#8211; Bene Gesserit<\/p>\n<\/blockquote>\n\n\n\n<h2 class=\"wp-block-heading\">Personajes principales<\/h2>\n\n\n\n<ul class=\"wp-block-list\">\n<li><strong>Paul Atreides \/ Muad\u2019Dib<\/strong> &#8211; Heredero de la Casa Atreides. Se convierte en l\u00edder de los Fremen y figura mesi\u00e1nica.<\/li>\n\n\n\n<li><strong>Lady Jessica<\/strong> &#8211; Madre de Paul y concubina del duque Leto. Miembro de las Bene Gesserit con habilidades mentales avanzadas.<\/li>\n\n\n\n<li><strong>Duque Leto Atreides<\/strong> &#8211; Padre de Paul y gobernante justo de la Casa Atreides, leal y estrat\u00e9gico.<\/li>\n\n\n\n<li><strong>Baron Vladimir Harkonnen<\/strong> &#8211; Principal antagonista. Gobernante corrupto y despiadado de la Casa Harkonnen.<\/li>\n\n\n\n<li><strong>Chani<\/strong> &#8211; Fremen, amante y compa\u00f1era de Paul. Madre de sus hijos.<\/li>\n\n\n\n<li><strong>Stilgar<\/strong> &#8211; L\u00edder de los Fremen y mentor de Paul en Arrakis. Firme, sabio y leal.<\/li>\n\n\n\n<li><strong>Gurney Halleck<\/strong> &#8211; Maestro de armas y m\u00fasico de la Casa Atreides, protector y amigo de Paul.<\/li>\n\n\n\n<li><strong>Duncan Idaho<\/strong> &#8211; Espadach\u00edn y leal sirviente de los Atreides; personaje clave en la defensa y estrategias de la familia.<\/li>\n<\/ul>\n","protected":false},"excerpt":{"rendered":"<p>Sinopsis Ambientada en un futuro lejano donde los imperios gal\u00e1cticos se sostienen mediante intrigas pol\u00edticas, religi\u00f3n y poder econ\u00f3mico,&nbsp;Dune&nbsp;sigue la historia de&nbsp;Paul Atreides, heredero de la Casa Atreides. Su familia recibe el control del planeta des\u00e9rtico&nbsp;Arrakis, el \u00fanico lugar donde se encuentra la&nbsp;especia melange, la sustancia m\u00e1s valiosa del universo porque permite viajes interestelares, longevidad [&hellip;]<\/p>\n","protected":false},"author":1,"featured_media":425,"comment_status":"closed","ping_status":"open","sticky":false,"template":"","format":"standard","meta":{"pgc_sgb_lightbox_settings":"","footnotes":""},"categories":[58,56,60,54],"tags":[76,77,78,79],"class_list":["post-310","post","type-post","status-publish","format-standard","has-post-thumbnail","hentry","category-aventura","category-ciencia-ficcion-libros","category-fantasia","category-libros","tag-futurista","tag-galaxia","tag-gusanos-de-arena","tag-imperios-galacticos"],"_links":{"self":[{"href":"https:\/\/gicd.inf.um.es\/csidcav\/usuario10\/wp-json\/wp\/v2\/posts\/310","targetHints":{"allow":["GET"]}}],"collection":[{"href":"https:\/\/gicd.inf.um.es\/csidcav\/usuario10\/wp-json\/wp\/v2\/posts"}],"about":[{"href":"https:\/\/gicd.inf.um.es\/csidcav\/usuario10\/wp-json\/wp\/v2\/types\/post"}],"author":[{"embeddable":true,"href":"https:\/\/gicd.inf.um.es\/csidcav\/usuario10\/wp-json\/wp\/v2\/users\/1"}],"replies":[{"embeddable":true,"href":"https:\/\/gicd.inf.um.es\/csidcav\/usuario10\/wp-json\/wp\/v2\/comments?post=310"}],"version-history":[{"count":3,"href":"https:\/\/gicd.inf.um.es\/csidcav\/usuario10\/wp-json\/wp\/v2\/posts\/310\/revisions"}],"predecessor-version":[{"id":370,"href":"https:\/\/gicd.inf.um.es\/csidcav\/usuario10\/wp-json\/wp\/v2\/posts\/310\/revisions\/370"}],"wp:featuredmedia":[{"embeddable":true,"href":"https:\/\/gicd.inf.um.es\/csidcav\/usuario10\/wp-json\/wp\/v2\/media\/425"}],"wp:attachment":[{"href":"https:\/\/gicd.inf.um.es\/csidcav\/usuario10\/wp-json\/wp\/v2\/media?parent=310"}],"wp:term":[{"taxonomy":"category","embeddable":true,"href":"https:\/\/gicd.inf.um.es\/csidcav\/usuario10\/wp-json\/wp\/v2\/categories?post=310"},{"taxonomy":"post_tag","embeddable":true,"href":"https:\/\/gicd.inf.um.es\/csidcav\/usuario10\/wp-json\/wp\/v2\/tags?post=310"}],"curies":[{"name":"wp","href":"https:\/\/api.w.org\/{rel}","templated":true}]}}