{"id":316,"date":"2025-12-01T17:15:17","date_gmt":"2025-12-01T16:15:17","guid":{"rendered":"https:\/\/gicd.inf.um.es\/csidcav\/usuario10\/?p=316"},"modified":"2025-12-05T00:42:14","modified_gmt":"2025-12-04T23:42:14","slug":"crepusculo","status":"publish","type":"post","link":"https:\/\/gicd.inf.um.es\/csidcav\/usuario10\/crepusculo\/","title":{"rendered":"Crep\u00fasculo"},"content":{"rendered":"\n<h2 class=\"wp-block-heading\">Sinopsis<\/h2>\n\n\n\n<p>La saga sigue la historia de&nbsp;<strong>Bella Swan<\/strong>, una adolescente que se muda al lluvioso pueblo de&nbsp;<strong>Forks<\/strong>, donde su vida cambia para siempre al conocer a&nbsp;<strong>Edward Cullen<\/strong>, un misterioso joven que en realidad es un vampiro. A medida que ambos se enamoran, Bella se ve envuelta en un mundo oculto lleno de peligros, tensiones sobrenaturales y dilemas que ponen a prueba su relaci\u00f3n y su seguridad.<\/p>\n\n\n\n<p>A lo largo de la saga, Bella debe enfrentar amenazas de vampiros enemigos, conflictos entre clanes y la presencia de&nbsp;<strong>Jacob Black<\/strong>, su amigo de la infancia que pertenece a una manada de hombres lobo. Sus sentimientos se complican mientras intenta mantener a salvo a quienes ama y decidir entre la vida humana o el mundo inmortal de Edward.<\/p>\n\n\n\n<p>La serie explora el amor prohibido, el sacrificio, la identidad y la lucha entre deseos personales y responsabilidades. El romance entre Bella y Edward, junto con la rivalidad con Jacob y las tensiones sobrenaturales, lleva a decisiones definitivas que culminan en una batalla que marca el destino de los Cullen, los lic\u00e1ntropos y el futuro de Bella.<\/p>\n\n\n\n<h2 class=\"wp-block-heading\">Sobre el autor<\/h2>\n\n\n\n<div class=\"wp-block-media-text is-stacked-on-mobile\"><figure class=\"wp-block-media-text__media\"><img loading=\"lazy\" decoding=\"async\" width=\"698\" height=\"1024\" src=\"https:\/\/gicd.inf.um.es\/csidcav\/usuario10\/wp-content\/uploads\/2025\/12\/MV5BMTM3NTQ0NjA2Ml5BMl5BanBnXkFtZTcwMjA4MTUwNw@@._V1_-698x1024.jpg\" alt=\"Stephanie Meyer\" class=\"wp-image-394 size-full\" srcset=\"https:\/\/gicd.inf.um.es\/csidcav\/usuario10\/wp-content\/uploads\/2025\/12\/MV5BMTM3NTQ0NjA2Ml5BMl5BanBnXkFtZTcwMjA4MTUwNw@@._V1_-698x1024.jpg 698w, https:\/\/gicd.inf.um.es\/csidcav\/usuario10\/wp-content\/uploads\/2025\/12\/MV5BMTM3NTQ0NjA2Ml5BMl5BanBnXkFtZTcwMjA4MTUwNw@@._V1_-204x300.jpg 204w, https:\/\/gicd.inf.um.es\/csidcav\/usuario10\/wp-content\/uploads\/2025\/12\/MV5BMTM3NTQ0NjA2Ml5BMl5BanBnXkFtZTcwMjA4MTUwNw@@._V1_-768x1127.jpg 768w, https:\/\/gicd.inf.um.es\/csidcav\/usuario10\/wp-content\/uploads\/2025\/12\/MV5BMTM3NTQ0NjA2Ml5BMl5BanBnXkFtZTcwMjA4MTUwNw@@._V1_-1047x1536.jpg 1047w, https:\/\/gicd.inf.um.es\/csidcav\/usuario10\/wp-content\/uploads\/2025\/12\/MV5BMTM3NTQ0NjA2Ml5BMl5BanBnXkFtZTcwMjA4MTUwNw@@._V1_-1024x1502.jpg 1024w, https:\/\/gicd.inf.um.es\/csidcav\/usuario10\/wp-content\/uploads\/2025\/12\/MV5BMTM3NTQ0NjA2Ml5BMl5BanBnXkFtZTcwMjA4MTUwNw@@._V1_.jpg 1396w\" sizes=\"auto, (max-width: 698px) 100vw, 698px\" \/><\/figure><div class=\"wp-block-media-text__content\">\n<p>Stephenie Meyer, autora estadounidense, estudi\u00f3 Ingl\u00e9s en la Universidad Brigham Young y se dedic\u00f3 durante a\u00f1os al cuidado de sus hijos antes de convertirse en fen\u00f3meno literario. En 2003 public\u00f3&nbsp;<em>Crep\u00fasculo<\/em>, su obra m\u00e1s conocida, tras superar varios rechazos editoriales y conseguir un importante contrato por los primeros tres libros. La novela y sus secuelas (<em>Luna nueva<\/em>,&nbsp;<em>Eclipse<\/em>&nbsp;y&nbsp;<em>Amanecer<\/em>) alcanzaron r\u00e1pidamente los primeros puestos en la lista de los m\u00e1s vendidos del&nbsp;<em>New York Times<\/em>.<\/p>\n\n\n\n<p>El \u00e9xito internacional de la saga fue enorme, con traducciones a m\u00e1s de 25 idiomas y adaptaciones cinematogr\u00e1ficas que triunfaron en taquilla, consolidando la serie como un fen\u00f3meno cultural juvenil. Meyer continu\u00f3 escribiendo y en 2008 public\u00f3&nbsp;<em>La hu\u00e9sped<\/em>, una novela rom\u00e1ntica de ciencia ficci\u00f3n que tambi\u00e9n fue llevada al cine, aunque con menor impacto que la saga vamp\u00edrica.<\/p>\n\n\n\n<p>En a\u00f1os posteriores, la autora lanz\u00f3 proyectos especiales como&nbsp;<em>Crep\u00fasculo reimaginado<\/em>&nbsp;por el d\u00e9cimo aniversario de la serie y la novela&nbsp;<em>La qu\u00edmica<\/em>&nbsp;en 2017. En 2020 regres\u00f3 al universo de&nbsp;<em>Crep\u00fasculo<\/em>&nbsp;con&nbsp;<em>Sol de medianoche<\/em>, la versi\u00f3n de la historia narrada desde el punto de vista de Edward Cullen, un proyecto que hab\u00eda pospuesto durante a\u00f1os tras la filtraci\u00f3n de varios cap\u00edtulos en internet.<\/p>\n<\/div><\/div>\n\n\n\n<h2 class=\"wp-block-heading\">Adaptaci\u00f3n cinematogr\u00e1fica <\/h2>\n\n\n\n<figure class=\"wp-block-gallery has-nested-images columns-default is-cropped wp-block-gallery-1 is-layout-flex wp-block-gallery-is-layout-flex\">\n<figure class=\"wp-block-image size-large\"><a href=\"https:\/\/gicd.inf.um.es\/csidcav\/usuario10\/wp-content\/uploads\/2025\/12\/5f17421924821.jpg\"><img loading=\"lazy\" decoding=\"async\" width=\"1024\" height=\"576\" data-id=\"399\" src=\"https:\/\/gicd.inf.um.es\/csidcav\/usuario10\/wp-content\/uploads\/2025\/12\/5f17421924821-1024x576.jpg\" alt=\"crep\u00fasculo 5\" class=\"wp-image-399\" srcset=\"https:\/\/gicd.inf.um.es\/csidcav\/usuario10\/wp-content\/uploads\/2025\/12\/5f17421924821-1024x576.jpg 1024w, https:\/\/gicd.inf.um.es\/csidcav\/usuario10\/wp-content\/uploads\/2025\/12\/5f17421924821-300x169.jpg 300w, https:\/\/gicd.inf.um.es\/csidcav\/usuario10\/wp-content\/uploads\/2025\/12\/5f17421924821-768x432.jpg 768w, https:\/\/gicd.inf.um.es\/csidcav\/usuario10\/wp-content\/uploads\/2025\/12\/5f17421924821-1536x864.jpg 1536w, https:\/\/gicd.inf.um.es\/csidcav\/usuario10\/wp-content\/uploads\/2025\/12\/5f17421924821-1280x720.jpg 1280w, https:\/\/gicd.inf.um.es\/csidcav\/usuario10\/wp-content\/uploads\/2025\/12\/5f17421924821.jpg 1920w\" sizes=\"auto, (max-width: 1024px) 100vw, 1024px\" \/><\/a><\/figure>\n\n\n\n<figure class=\"wp-block-image size-large\"><a href=\"https:\/\/gicd.inf.um.es\/csidcav\/usuario10\/wp-content\/uploads\/2025\/12\/68fa75441943e.jpg\"><img loading=\"lazy\" decoding=\"async\" width=\"1024\" height=\"576\" data-id=\"398\" src=\"https:\/\/gicd.inf.um.es\/csidcav\/usuario10\/wp-content\/uploads\/2025\/12\/68fa75441943e-1024x576.jpg\" alt=\"crep\u00fasculo 4\" class=\"wp-image-398\" srcset=\"https:\/\/gicd.inf.um.es\/csidcav\/usuario10\/wp-content\/uploads\/2025\/12\/68fa75441943e-1024x576.jpg 1024w, https:\/\/gicd.inf.um.es\/csidcav\/usuario10\/wp-content\/uploads\/2025\/12\/68fa75441943e-300x169.jpg 300w, https:\/\/gicd.inf.um.es\/csidcav\/usuario10\/wp-content\/uploads\/2025\/12\/68fa75441943e-768x432.jpg 768w, https:\/\/gicd.inf.um.es\/csidcav\/usuario10\/wp-content\/uploads\/2025\/12\/68fa75441943e-1536x864.jpg 1536w, https:\/\/gicd.inf.um.es\/csidcav\/usuario10\/wp-content\/uploads\/2025\/12\/68fa75441943e-1280x720.jpg 1280w, https:\/\/gicd.inf.um.es\/csidcav\/usuario10\/wp-content\/uploads\/2025\/12\/68fa75441943e.jpg 1920w\" sizes=\"auto, (max-width: 1024px) 100vw, 1024px\" \/><\/a><\/figure>\n\n\n\n<figure class=\"wp-block-image size-large\"><a href=\"https:\/\/gicd.inf.um.es\/csidcav\/usuario10\/wp-content\/uploads\/2025\/12\/644810a983ce5.jpg\"><img loading=\"lazy\" decoding=\"async\" width=\"1024\" height=\"576\" data-id=\"395\" src=\"https:\/\/gicd.inf.um.es\/csidcav\/usuario10\/wp-content\/uploads\/2025\/12\/644810a983ce5-1024x576.jpg\" alt=\"crep\u00fasculo 1\" class=\"wp-image-395\" srcset=\"https:\/\/gicd.inf.um.es\/csidcav\/usuario10\/wp-content\/uploads\/2025\/12\/644810a983ce5-1024x576.jpg 1024w, https:\/\/gicd.inf.um.es\/csidcav\/usuario10\/wp-content\/uploads\/2025\/12\/644810a983ce5-300x169.jpg 300w, https:\/\/gicd.inf.um.es\/csidcav\/usuario10\/wp-content\/uploads\/2025\/12\/644810a983ce5-768x432.jpg 768w, https:\/\/gicd.inf.um.es\/csidcav\/usuario10\/wp-content\/uploads\/2025\/12\/644810a983ce5-1536x864.jpg 1536w, https:\/\/gicd.inf.um.es\/csidcav\/usuario10\/wp-content\/uploads\/2025\/12\/644810a983ce5-1280x720.jpg 1280w, https:\/\/gicd.inf.um.es\/csidcav\/usuario10\/wp-content\/uploads\/2025\/12\/644810a983ce5.jpg 1920w\" sizes=\"auto, (max-width: 1024px) 100vw, 1024px\" \/><\/a><\/figure>\n\n\n\n<figure class=\"wp-block-image size-large\"><a href=\"https:\/\/gicd.inf.um.es\/csidcav\/usuario10\/wp-content\/uploads\/2025\/12\/439.jpg\"><img loading=\"lazy\" decoding=\"async\" width=\"1024\" height=\"576\" data-id=\"396\" src=\"https:\/\/gicd.inf.um.es\/csidcav\/usuario10\/wp-content\/uploads\/2025\/12\/439-1024x576.jpg\" alt=\"crep\u00fasculo 2\" class=\"wp-image-396\" srcset=\"https:\/\/gicd.inf.um.es\/csidcav\/usuario10\/wp-content\/uploads\/2025\/12\/439-1024x576.jpg 1024w, https:\/\/gicd.inf.um.es\/csidcav\/usuario10\/wp-content\/uploads\/2025\/12\/439-300x169.jpg 300w, https:\/\/gicd.inf.um.es\/csidcav\/usuario10\/wp-content\/uploads\/2025\/12\/439-768x432.jpg 768w, https:\/\/gicd.inf.um.es\/csidcav\/usuario10\/wp-content\/uploads\/2025\/12\/439-1536x864.jpg 1536w, https:\/\/gicd.inf.um.es\/csidcav\/usuario10\/wp-content\/uploads\/2025\/12\/439-1280x720.jpg 1280w, https:\/\/gicd.inf.um.es\/csidcav\/usuario10\/wp-content\/uploads\/2025\/12\/439.jpg 1920w\" sizes=\"auto, (max-width: 1024px) 100vw, 1024px\" \/><\/a><\/figure>\n\n\n\n<figure class=\"wp-block-image size-large\"><a href=\"https:\/\/gicd.inf.um.es\/csidcav\/usuario10\/wp-content\/uploads\/2025\/12\/410.jpg\"><img loading=\"lazy\" decoding=\"async\" width=\"1024\" height=\"576\" data-id=\"397\" src=\"https:\/\/gicd.inf.um.es\/csidcav\/usuario10\/wp-content\/uploads\/2025\/12\/410-1024x576.jpg\" alt=\"crep\u00fasculo 3\" class=\"wp-image-397\" srcset=\"https:\/\/gicd.inf.um.es\/csidcav\/usuario10\/wp-content\/uploads\/2025\/12\/410-1024x576.jpg 1024w, https:\/\/gicd.inf.um.es\/csidcav\/usuario10\/wp-content\/uploads\/2025\/12\/410-300x169.jpg 300w, https:\/\/gicd.inf.um.es\/csidcav\/usuario10\/wp-content\/uploads\/2025\/12\/410-768x432.jpg 768w, https:\/\/gicd.inf.um.es\/csidcav\/usuario10\/wp-content\/uploads\/2025\/12\/410-1536x864.jpg 1536w, https:\/\/gicd.inf.um.es\/csidcav\/usuario10\/wp-content\/uploads\/2025\/12\/410-1280x720.jpg 1280w, https:\/\/gicd.inf.um.es\/csidcav\/usuario10\/wp-content\/uploads\/2025\/12\/410.jpg 1920w\" sizes=\"auto, (max-width: 1024px) 100vw, 1024px\" \/><\/a><\/figure>\n<\/figure>\n\n\n\n<h2 class=\"wp-block-heading\">Cita destacada<\/h2>\n\n\n\n<blockquote class=\"wp-block-quote is-layout-flow wp-block-quote-is-layout-flow\">\n<p>No puedo vivir en un mundo donde t\u00fa no existas &#8211; Edward Cullen<\/p>\n<\/blockquote>\n\n\n\n<h2 class=\"wp-block-heading\">Personajes principales<\/h2>\n\n\n\n<ul class=\"wp-block-list\">\n<li><strong>Bella Swan<\/strong> &#8211; Protagonista humana que se enamora de un vampiro y cuyo destino cambia por completo al llegar a Forks.<\/li>\n\n\n\n<li><strong>Edward Cullen<\/strong> &#8211; Vampiro del clan Cullen, eterno adolescente y gran amor de Bella.<\/li>\n\n\n\n<li><strong>Jacob Black<\/strong> &#8211; Amigo de la infancia de Bella y miembro de la manada de lic\u00e1ntropos Quileute.<\/li>\n\n\n\n<li><strong>Alice Cullen<\/strong> &#8211; Vampira con habilidades de videncia, dulce, cercana y muy unida a Bella.<\/li>\n\n\n\n<li><strong>Carlisle Cullen<\/strong> &#8211; L\u00edder del clan Cullen, m\u00e9dico compasivo que gu\u00eda a su familia hacia una vida pac\u00edfica.<\/li>\n\n\n\n<li><strong>Esme Cullen<\/strong> &#8211; Esposa de Carlisle y figura maternal dentro de la familia.<\/li>\n\n\n\n<li><strong>Rosalie Hale<\/strong> &#8211; Vampira del clan Cullen, bella y fuerte, con una historia personal compleja.<\/li>\n\n\n\n<li><strong>Emmett Cullen<\/strong> &#8211; Hermano adoptivo de Edward, conocido por su fuerza y car\u00e1cter alegre.<\/li>\n<\/ul>\n","protected":false},"excerpt":{"rendered":"<p>Sinopsis La saga sigue la historia de&nbsp;Bella Swan, una adolescente que se muda al lluvioso pueblo de&nbsp;Forks, donde su vida cambia para siempre al conocer a&nbsp;Edward Cullen, un misterioso joven que en realidad es un vampiro. A medida que ambos se enamoran, Bella se ve envuelta en un mundo oculto lleno de peligros, tensiones sobrenaturales [&hellip;]<\/p>\n","protected":false},"author":1,"featured_media":428,"comment_status":"closed","ping_status":"open","sticky":false,"template":"","format":"standard","meta":{"pgc_sgb_lightbox_settings":"","footnotes":""},"categories":[62,60,54,59],"tags":[94,91,92,90],"class_list":["post-316","post","type-post","status-publish","format-standard","has-post-thumbnail","hentry","category-drama-libros","category-fantasia","category-libros","category-romance","tag-forks","tag-hombres-lobo","tag-triangulo-amoroso","tag-vampiros"],"_links":{"self":[{"href":"https:\/\/gicd.inf.um.es\/csidcav\/usuario10\/wp-json\/wp\/v2\/posts\/316","targetHints":{"allow":["GET"]}}],"collection":[{"href":"https:\/\/gicd.inf.um.es\/csidcav\/usuario10\/wp-json\/wp\/v2\/posts"}],"about":[{"href":"https:\/\/gicd.inf.um.es\/csidcav\/usuario10\/wp-json\/wp\/v2\/types\/post"}],"author":[{"embeddable":true,"href":"https:\/\/gicd.inf.um.es\/csidcav\/usuario10\/wp-json\/wp\/v2\/users\/1"}],"replies":[{"embeddable":true,"href":"https:\/\/gicd.inf.um.es\/csidcav\/usuario10\/wp-json\/wp\/v2\/comments?post=316"}],"version-history":[{"count":2,"href":"https:\/\/gicd.inf.um.es\/csidcav\/usuario10\/wp-json\/wp\/v2\/posts\/316\/revisions"}],"predecessor-version":[{"id":403,"href":"https:\/\/gicd.inf.um.es\/csidcav\/usuario10\/wp-json\/wp\/v2\/posts\/316\/revisions\/403"}],"wp:featuredmedia":[{"embeddable":true,"href":"https:\/\/gicd.inf.um.es\/csidcav\/usuario10\/wp-json\/wp\/v2\/media\/428"}],"wp:attachment":[{"href":"https:\/\/gicd.inf.um.es\/csidcav\/usuario10\/wp-json\/wp\/v2\/media?parent=316"}],"wp:term":[{"taxonomy":"category","embeddable":true,"href":"https:\/\/gicd.inf.um.es\/csidcav\/usuario10\/wp-json\/wp\/v2\/categories?post=316"},{"taxonomy":"post_tag","embeddable":true,"href":"https:\/\/gicd.inf.um.es\/csidcav\/usuario10\/wp-json\/wp\/v2\/tags?post=316"}],"curies":[{"name":"wp","href":"https:\/\/api.w.org\/{rel}","templated":true}]}}