{"id":849,"date":"2026-09-02T05:30:01","date_gmt":"2026-09-02T03:30:01","guid":{"rendered":"https:\/\/gicd.inf.um.es\/csidinfo\/wp08\/2026\/09\/02\/paula-ortiz-couder-la-ingeniera-madrilena-que-cuida-de-los-humanos-que-van-a-la-luna-todo-es-hostil-en-el-espacio\/"},"modified":"2026-09-02T05:30:01","modified_gmt":"2026-09-02T03:30:01","slug":"paula-ortiz-couder-la-ingeniera-madrilena-que-cuida-de-los-humanos-que-van-a-la-luna-todo-es-hostil-en-el-espacio","status":"publish","type":"post","link":"https:\/\/gicd.inf.um.es\/csidinfo\/wp08\/fr\/2026\/09\/02\/paula-ortiz-couder-la-ingeniera-madrilena-que-cuida-de-los-humanos-que-van-a-la-luna-todo-es-hostil-en-el-espacio\/","title":{"rendered":"Paula Ortiz Couder, la ingeniera madrile\u00f1a que cuida de los humanos que van a la Luna: \u201cTodo es hostil en el espacio\u201d"},"content":{"rendered":"<p>Paula Ortiz Couder, de 31 a\u00f1os, cuenta que naci\u00f3 con una raqueta en la mano. Hija y nieta de tenistas profesionales \u2014su abuelo fue <a href=\"https:\/\/elpais.com\/diario\/2000\/12\/04\/deportes\/975884409_850215.html\">capit\u00e1n de Copa Davis<\/a>\u2014, su destino parec\u00eda fijado de antemano. Jug\u00f3 a ese deporte desde los tres a\u00f1os, con entrenos diarios de tres horas. Un d\u00eda, a los 12, lleg\u00f3 a casa y dijo: \u201cMam\u00e1, yo voy a hacer ingenier\u00eda aeron\u00e1utica\u201d. Y su madre contest\u00f3: \u201cPues adelante, vamos a por ello\u201d.<\/p>\n<p><a href=\"https:\/\/elpais.com\/ciencia\/2026-09-02\/paula-ortiz-couder-la-ingeniera-madrilena-que-cuida-de-los-humanos-que-van-a-la-luna-todo-es-hostil-en-el-espacio.html\" target=\"_blank\">Seguir leyendo<\/a><\/p>","protected":false},"excerpt":{"rendered":"<p>Paula Ortiz Couder, de 31 a\u00f1os, cuenta que naci\u00f3 con una raqueta en la mano. Hija y nieta de tenistas profesionales \u2014su abuelo fue capit\u00e1n de Copa Davis\u2014, su destino parec\u00eda fijado de antemano. Jug\u00f3 a ese deporte desde los tres a\u00f1os, con entrenos diarios de tres horas. Un d\u00eda, a los 12, lleg\u00f3 a &hellip; <a href=\"https:\/\/gicd.inf.um.es\/csidinfo\/wp08\/fr\/2026\/09\/02\/paula-ortiz-couder-la-ingeniera-madrilena-que-cuida-de-los-humanos-que-van-a-la-luna-todo-es-hostil-en-el-espacio\/\" class=\"more-link\">Continuar leyendo<span class=\"screen-reader-text\"> \u00abPaula Ortiz Couder, la ingeniera madrile\u00f1a que cuida de los humanos que van a la Luna: \u201cTodo es hostil en el espacio\u201d\u00bb<\/span><\/a><\/p>\n","protected":false},"author":0,"featured_media":850,"comment_status":"open","ping_status":"open","sticky":false,"template":"","format":"standard","meta":{"pgc_meta":"","footnotes":""},"categories":[137],"tags":[],"class_list":["post-849","post","type-post","status-publish","format-standard","has-post-thumbnail","hentry","category-sin-categoria-es"],"aioseo_notices":[],"aioseo_head":"\n\t\t<!-- All in One SEO 5.0.1.1 - aioseo.com -->\n\t<meta name=\"description\" content=\"Paula Ortiz Couder, de 31 a\u00f1os, cuenta que naci\u00f3 con una raqueta en la mano. Hija y nieta de tenistas profesionales \u2014su abuelo fue capit\u00e1n de Copa Davis\u2014, su destino parec\u00eda fijado de antemano. Jug\u00f3 a ese deporte desde los tres a\u00f1os, con entrenos diarios de tres horas. Un d\u00eda, a los 12, lleg\u00f3 a\" \/>\n\t<meta name=\"robots\" content=\"max-image-preview:large\" \/>\n\t<meta name=\"google-site-verification\" content=\"8xyJKVYkkQDD4Jd6AeZeMPmPOiYvhZdSOAG8ESVUa8o\" \/>\n\t<link rel=\"canonical\" href=\"https:\/\/gicd.inf.um.es\/csidinfo\/wp08\/fr\/2026\/09\/02\/paula-ortiz-couder-la-ingeniera-madrilena-que-cuida-de-los-humanos-que-van-a-la-luna-todo-es-hostil-en-el-espacio\/\" \/>\n\t<meta name=\"generator\" content=\"All in One SEO (AIOSEO) 5.0.1.1\" \/>\n\t\t<meta property=\"og:locale\" content=\"es_ES\" \/>\n\t\t<meta property=\"og:site_name\" content=\"Locos por la Ciencia - Todas las noticias de ciencia y tecnolog\u00eda a tu alcance\" \/>\n\t\t<meta property=\"og:type\" content=\"article\" \/>\n\t\t<meta property=\"og:title\" content=\"Paula Ortiz Couder, la ingeniera madrile\u00f1a que cuida de los humanos que van a la Luna: \u201cTodo es hostil en el espacio\u201d - Locos por la Ciencia\" \/>\n\t\t<meta property=\"og:description\" content=\"Paula Ortiz Couder, de 31 a\u00f1os, cuenta que naci\u00f3 con una raqueta en la mano. Hija y nieta de tenistas profesionales \u2014su abuelo fue capit\u00e1n de Copa Davis\u2014, su destino parec\u00eda fijado de antemano. Jug\u00f3 a ese deporte desde los tres a\u00f1os, con entrenos diarios de tres horas. Un d\u00eda, a los 12, lleg\u00f3 a\" \/>\n\t\t<meta property=\"og:url\" content=\"https:\/\/gicd.inf.um.es\/csidinfo\/wp08\/fr\/2026\/09\/02\/paula-ortiz-couder-la-ingeniera-madrilena-que-cuida-de-los-humanos-que-van-a-la-luna-todo-es-hostil-en-el-espacio\/\" \/>\n\t\t<meta property=\"article:published_time\" content=\"2026-09-02T03:30:01+00:00\" \/>\n\t\t<meta property=\"article:modified_time\" content=\"2026-09-02T03:30:01+00:00\" \/>\n\t\t<meta property=\"article:publisher\" content=\"https:\/\/www.facebook.com\/Docuciencia\" \/>\n\t\t<meta name=\"twitter:card\" content=\"summary_large_image\" \/>\n\t\t<meta name=\"twitter:title\" content=\"Paula Ortiz Couder, la ingeniera madrile\u00f1a que cuida de los humanos que van a la Luna: \u201cTodo es hostil en el espacio\u201d - Locos por la Ciencia\" \/>\n\t\t<meta name=\"twitter:description\" content=\"Paula Ortiz Couder, de 31 a\u00f1os, cuenta que naci\u00f3 con una raqueta en la mano. Hija y nieta de tenistas profesionales \u2014su abuelo fue capit\u00e1n de Copa Davis\u2014, su destino parec\u00eda fijado de antemano. Jug\u00f3 a ese deporte desde los tres a\u00f1os, con entrenos diarios de tres horas. Un d\u00eda, a los 12, lleg\u00f3 a\" \/>\n\t\t<script type=\"application\/ld+json\" class=\"aioseo-schema\">\n\t\t\t{\"@context\":\"https:\\\/\\\/schema.org\",\"@graph\":[{\"@type\":\"BlogPosting\",\"@id\":\"https:\\\/\\\/gicd.inf.um.es\\\/csidinfo\\\/wp08\\\/fr\\\/2026\\\/09\\\/02\\\/paula-ortiz-couder-la-ingeniera-madrilena-que-cuida-de-los-humanos-que-van-a-la-luna-todo-es-hostil-en-el-espacio\\\/#blogposting\",\"name\":\"Paula Ortiz Couder, la ingeniera madrile\\u00f1a que cuida de los humanos que van a la Luna: \\u201cTodo es hostil en el espacio\\u201d - Locos por la Ciencia\",\"headline\":\"Paula Ortiz Couder, la ingeniera madrile\\u00f1a que cuida de los humanos que van a la Luna: \\u201cTodo es hostil en el espacio\\u201d\",\"author\":{\"@id\":\"https:\\\/\\\/gicd.inf.um.es\\\/csidinfo\\\/wp08\\\/author\\\/#author\"},\"publisher\":{\"@id\":\"https:\\\/\\\/gicd.inf.um.es\\\/csidinfo\\\/wp08\\\/#organization\"},\"image\":{\"@type\":\"ImageObject\",\"url\":\"https:\\\/\\\/gicd.inf.um.es\\\/csidinfo\\\/wp08\\\/wp-content\\\/uploads\\\/2026\\\/09\\\/MQJASKHZZVFDBK2E6AB7KE4OLQ-HK2qOp-scaled.jpg\",\"width\":2560,\"height\":1920},\"datePublished\":\"2026-09-02T05:30:01+02:00\",\"dateModified\":\"2026-09-02T05:30:01+02:00\",\"inLanguage\":\"es-ES\",\"mainEntityOfPage\":{\"@id\":\"https:\\\/\\\/gicd.inf.um.es\\\/csidinfo\\\/wp08\\\/fr\\\/2026\\\/09\\\/02\\\/paula-ortiz-couder-la-ingeniera-madrilena-que-cuida-de-los-humanos-que-van-a-la-luna-todo-es-hostil-en-el-espacio\\\/#webpage\"},\"isPartOf\":{\"@id\":\"https:\\\/\\\/gicd.inf.um.es\\\/csidinfo\\\/wp08\\\/fr\\\/2026\\\/09\\\/02\\\/paula-ortiz-couder-la-ingeniera-madrilena-que-cuida-de-los-humanos-que-van-a-la-luna-todo-es-hostil-en-el-espacio\\\/#webpage\"},\"articleSection\":\"Sin categor\\u00eda, Fran\\u00e7ais\"},{\"@type\":\"BreadcrumbList\",\"@id\":\"https:\\\/\\\/gicd.inf.um.es\\\/csidinfo\\\/wp08\\\/fr\\\/2026\\\/09\\\/02\\\/paula-ortiz-couder-la-ingeniera-madrilena-que-cuida-de-los-humanos-que-van-a-la-luna-todo-es-hostil-en-el-espacio\\\/#breadcrumblist\",\"itemListElement\":[{\"@type\":\"ListItem\",\"@id\":\"https:\\\/\\\/gicd.inf.um.es\\\/csidinfo\\\/wp08#listItem\",\"position\":1,\"name\":\"Inicio\",\"item\":\"https:\\\/\\\/gicd.inf.um.es\\\/csidinfo\\\/wp08\",\"nextItem\":{\"@type\":\"ListItem\",\"@id\":\"https:\\\/\\\/gicd.inf.um.es\\\/csidinfo\\\/wp08\\\/category\\\/sin-categoria-es\\\/#listItem\",\"name\":\"Sin categor\\u00eda\"}},{\"@type\":\"ListItem\",\"@id\":\"https:\\\/\\\/gicd.inf.um.es\\\/csidinfo\\\/wp08\\\/category\\\/sin-categoria-es\\\/#listItem\",\"position\":2,\"name\":\"Sin categor\\u00eda\",\"item\":\"https:\\\/\\\/gicd.inf.um.es\\\/csidinfo\\\/wp08\\\/category\\\/sin-categoria-es\\\/\",\"nextItem\":{\"@type\":\"ListItem\",\"@id\":\"https:\\\/\\\/gicd.inf.um.es\\\/csidinfo\\\/wp08\\\/fr\\\/2026\\\/09\\\/02\\\/paula-ortiz-couder-la-ingeniera-madrilena-que-cuida-de-los-humanos-que-van-a-la-luna-todo-es-hostil-en-el-espacio\\\/#listItem\",\"name\":\"Paula Ortiz Couder, la ingeniera madrile\\u00f1a que cuida de los humanos que van a la Luna: \\u201cTodo es hostil en el espacio\\u201d\"},\"previousItem\":{\"@type\":\"ListItem\",\"@id\":\"https:\\\/\\\/gicd.inf.um.es\\\/csidinfo\\\/wp08#listItem\",\"name\":\"Inicio\"}},{\"@type\":\"ListItem\",\"@id\":\"https:\\\/\\\/gicd.inf.um.es\\\/csidinfo\\\/wp08\\\/fr\\\/2026\\\/09\\\/02\\\/paula-ortiz-couder-la-ingeniera-madrilena-que-cuida-de-los-humanos-que-van-a-la-luna-todo-es-hostil-en-el-espacio\\\/#listItem\",\"position\":3,\"name\":\"Paula Ortiz Couder, la ingeniera madrile\\u00f1a que cuida de los humanos que van a la Luna: \\u201cTodo es hostil en el espacio\\u201d\",\"previousItem\":{\"@type\":\"ListItem\",\"@id\":\"https:\\\/\\\/gicd.inf.um.es\\\/csidinfo\\\/wp08\\\/category\\\/sin-categoria-es\\\/#listItem\",\"name\":\"Sin categor\\u00eda\"}}]},{\"@type\":\"Organization\",\"@id\":\"https:\\\/\\\/gicd.inf.um.es\\\/csidinfo\\\/wp08\\\/#organization\",\"name\":\"Locos por la Ciencia\",\"description\":\"Todas las noticias de ciencia y tecnolog\\u00eda a tu alcance\",\"url\":\"https:\\\/\\\/gicd.inf.um.es\\\/csidinfo\\\/wp08\\\/\",\"sameAs\":[\"https:\\\/\\\/www.facebook.com\\\/Docuciencia\"]},{\"@type\":\"WebPage\",\"@id\":\"https:\\\/\\\/gicd.inf.um.es\\\/csidinfo\\\/wp08\\\/fr\\\/2026\\\/09\\\/02\\\/paula-ortiz-couder-la-ingeniera-madrilena-que-cuida-de-los-humanos-que-van-a-la-luna-todo-es-hostil-en-el-espacio\\\/#webpage\",\"url\":\"https:\\\/\\\/gicd.inf.um.es\\\/csidinfo\\\/wp08\\\/fr\\\/2026\\\/09\\\/02\\\/paula-ortiz-couder-la-ingeniera-madrilena-que-cuida-de-los-humanos-que-van-a-la-luna-todo-es-hostil-en-el-espacio\\\/\",\"name\":\"Paula Ortiz Couder, la ingeniera madrile\\u00f1a que cuida de los humanos que van a la Luna: \\u201cTodo es hostil en el espacio\\u201d - Locos por la Ciencia\",\"description\":\"Paula Ortiz Couder, de 31 a\\u00f1os, cuenta que naci\\u00f3 con una raqueta en la mano. Hija y nieta de tenistas profesionales \\u2014su abuelo fue capit\\u00e1n de Copa Davis\\u2014, su destino parec\\u00eda fijado de antemano. Jug\\u00f3 a ese deporte desde los tres a\\u00f1os, con entrenos diarios de tres horas. Un d\\u00eda, a los 12, lleg\\u00f3 a\",\"inLanguage\":\"es-ES\",\"isPartOf\":{\"@id\":\"https:\\\/\\\/gicd.inf.um.es\\\/csidinfo\\\/wp08\\\/#website\"},\"breadcrumb\":{\"@id\":\"https:\\\/\\\/gicd.inf.um.es\\\/csidinfo\\\/wp08\\\/fr\\\/2026\\\/09\\\/02\\\/paula-ortiz-couder-la-ingeniera-madrilena-que-cuida-de-los-humanos-que-van-a-la-luna-todo-es-hostil-en-el-espacio\\\/#breadcrumblist\"},\"author\":{\"@id\":\"https:\\\/\\\/gicd.inf.um.es\\\/csidinfo\\\/wp08\\\/author\\\/#author\"},\"creator\":{\"@id\":\"https:\\\/\\\/gicd.inf.um.es\\\/csidinfo\\\/wp08\\\/author\\\/#author\"},\"image\":{\"@type\":\"ImageObject\",\"url\":\"https:\\\/\\\/gicd.inf.um.es\\\/csidinfo\\\/wp08\\\/wp-content\\\/uploads\\\/2026\\\/09\\\/MQJASKHZZVFDBK2E6AB7KE4OLQ-HK2qOp-scaled.jpg\",\"@id\":\"https:\\\/\\\/gicd.inf.um.es\\\/csidinfo\\\/wp08\\\/fr\\\/2026\\\/09\\\/02\\\/paula-ortiz-couder-la-ingeniera-madrilena-que-cuida-de-los-humanos-que-van-a-la-luna-todo-es-hostil-en-el-espacio\\\/#mainImage\",\"width\":2560,\"height\":1920},\"primaryImageOfPage\":{\"@id\":\"https:\\\/\\\/gicd.inf.um.es\\\/csidinfo\\\/wp08\\\/fr\\\/2026\\\/09\\\/02\\\/paula-ortiz-couder-la-ingeniera-madrilena-que-cuida-de-los-humanos-que-van-a-la-luna-todo-es-hostil-en-el-espacio\\\/#mainImage\"},\"datePublished\":\"2026-09-02T05:30:01+02:00\",\"dateModified\":\"2026-09-02T05:30:01+02:00\"},{\"@type\":\"WebSite\",\"@id\":\"https:\\\/\\\/gicd.inf.um.es\\\/csidinfo\\\/wp08\\\/#website\",\"url\":\"https:\\\/\\\/gicd.inf.um.es\\\/csidinfo\\\/wp08\\\/\",\"name\":\"Locos por la Ciencia\",\"description\":\"Todas las noticias de ciencia y tecnolog\\u00eda a tu alcance\",\"inLanguage\":\"es-ES\",\"publisher\":{\"@id\":\"https:\\\/\\\/gicd.inf.um.es\\\/csidinfo\\\/wp08\\\/#organization\"}}]}\n\t\t<\/script>\n\t\t<!-- All in One SEO -->\n\n","aioseo_head_json":{"title":"Paula Ortiz Couder, la ingeniera madrile\u00f1a que cuida de los humanos que van a la Luna: \u201cTodo es hostil en el espacio\u201d - Locos por la Ciencia","description":"Paula Ortiz Couder, de 31 a\u00f1os, cuenta que naci\u00f3 con una raqueta en la mano. Hija y nieta de tenistas profesionales \u2014su abuelo fue capit\u00e1n de Copa Davis\u2014, su destino parec\u00eda fijado de antemano. Jug\u00f3 a ese deporte desde los tres a\u00f1os, con entrenos diarios de tres horas. Un d\u00eda, a los 12, lleg\u00f3 a","canonical_url":"https:\/\/gicd.inf.um.es\/csidinfo\/wp08\/fr\/2026\/09\/02\/paula-ortiz-couder-la-ingeniera-madrilena-que-cuida-de-los-humanos-que-van-a-la-luna-todo-es-hostil-en-el-espacio\/","robots":"max-image-preview:large","keywords":"","webmasterTools":{"google-site-verification":"8xyJKVYkkQDD4Jd6AeZeMPmPOiYvhZdSOAG8ESVUa8o","miscellaneous":""},"schema":{"@context":"https:\/\/schema.org","@graph":[{"@type":"BlogPosting","@id":"https:\/\/gicd.inf.um.es\/csidinfo\/wp08\/fr\/2026\/09\/02\/paula-ortiz-couder-la-ingeniera-madrilena-que-cuida-de-los-humanos-que-van-a-la-luna-todo-es-hostil-en-el-espacio\/#blogposting","name":"Paula Ortiz Couder, la ingeniera madrile\u00f1a que cuida de los humanos que van a la Luna: \u201cTodo es hostil en el espacio\u201d - Locos por la Ciencia","headline":"Paula Ortiz Couder, la ingeniera madrile\u00f1a que cuida de los humanos que van a la Luna: \u201cTodo es hostil en el espacio\u201d","author":{"@id":"https:\/\/gicd.inf.um.es\/csidinfo\/wp08\/author\/#author"},"publisher":{"@id":"https:\/\/gicd.inf.um.es\/csidinfo\/wp08\/#organization"},"image":{"@type":"ImageObject","url":"https:\/\/gicd.inf.um.es\/csidinfo\/wp08\/wp-content\/uploads\/2026\/09\/MQJASKHZZVFDBK2E6AB7KE4OLQ-HK2qOp-scaled.jpg","width":2560,"height":1920},"datePublished":"2026-09-02T05:30:01+02:00","dateModified":"2026-09-02T05:30:01+02:00","inLanguage":"es-ES","mainEntityOfPage":{"@id":"https:\/\/gicd.inf.um.es\/csidinfo\/wp08\/fr\/2026\/09\/02\/paula-ortiz-couder-la-ingeniera-madrilena-que-cuida-de-los-humanos-que-van-a-la-luna-todo-es-hostil-en-el-espacio\/#webpage"},"isPartOf":{"@id":"https:\/\/gicd.inf.um.es\/csidinfo\/wp08\/fr\/2026\/09\/02\/paula-ortiz-couder-la-ingeniera-madrilena-que-cuida-de-los-humanos-que-van-a-la-luna-todo-es-hostil-en-el-espacio\/#webpage"},"articleSection":"Sin categor\u00eda, Fran\u00e7ais"},{"@type":"BreadcrumbList","@id":"https:\/\/gicd.inf.um.es\/csidinfo\/wp08\/fr\/2026\/09\/02\/paula-ortiz-couder-la-ingeniera-madrilena-que-cuida-de-los-humanos-que-van-a-la-luna-todo-es-hostil-en-el-espacio\/#breadcrumblist","itemListElement":[{"@type":"ListItem","@id":"https:\/\/gicd.inf.um.es\/csidinfo\/wp08#listItem","position":1,"name":"Inicio","item":"https:\/\/gicd.inf.um.es\/csidinfo\/wp08","nextItem":{"@type":"ListItem","@id":"https:\/\/gicd.inf.um.es\/csidinfo\/wp08\/category\/sin-categoria-es\/#listItem","name":"Sin categor\u00eda"}},{"@type":"ListItem","@id":"https:\/\/gicd.inf.um.es\/csidinfo\/wp08\/category\/sin-categoria-es\/#listItem","position":2,"name":"Sin categor\u00eda","item":"https:\/\/gicd.inf.um.es\/csidinfo\/wp08\/category\/sin-categoria-es\/","nextItem":{"@type":"ListItem","@id":"https:\/\/gicd.inf.um.es\/csidinfo\/wp08\/fr\/2026\/09\/02\/paula-ortiz-couder-la-ingeniera-madrilena-que-cuida-de-los-humanos-que-van-a-la-luna-todo-es-hostil-en-el-espacio\/#listItem","name":"Paula Ortiz Couder, la ingeniera madrile\u00f1a que cuida de los humanos que van a la Luna: \u201cTodo es hostil en el espacio\u201d"},"previousItem":{"@type":"ListItem","@id":"https:\/\/gicd.inf.um.es\/csidinfo\/wp08#listItem","name":"Inicio"}},{"@type":"ListItem","@id":"https:\/\/gicd.inf.um.es\/csidinfo\/wp08\/fr\/2026\/09\/02\/paula-ortiz-couder-la-ingeniera-madrilena-que-cuida-de-los-humanos-que-van-a-la-luna-todo-es-hostil-en-el-espacio\/#listItem","position":3,"name":"Paula Ortiz Couder, la ingeniera madrile\u00f1a que cuida de los humanos que van a la Luna: \u201cTodo es hostil en el espacio\u201d","previousItem":{"@type":"ListItem","@id":"https:\/\/gicd.inf.um.es\/csidinfo\/wp08\/category\/sin-categoria-es\/#listItem","name":"Sin categor\u00eda"}}]},{"@type":"Organization","@id":"https:\/\/gicd.inf.um.es\/csidinfo\/wp08\/#organization","name":"Locos por la Ciencia","description":"Todas las noticias de ciencia y tecnolog\u00eda a tu alcance","url":"https:\/\/gicd.inf.um.es\/csidinfo\/wp08\/","sameAs":["https:\/\/www.facebook.com\/Docuciencia"]},{"@type":"WebPage","@id":"https:\/\/gicd.inf.um.es\/csidinfo\/wp08\/fr\/2026\/09\/02\/paula-ortiz-couder-la-ingeniera-madrilena-que-cuida-de-los-humanos-que-van-a-la-luna-todo-es-hostil-en-el-espacio\/#webpage","url":"https:\/\/gicd.inf.um.es\/csidinfo\/wp08\/fr\/2026\/09\/02\/paula-ortiz-couder-la-ingeniera-madrilena-que-cuida-de-los-humanos-que-van-a-la-luna-todo-es-hostil-en-el-espacio\/","name":"Paula Ortiz Couder, la ingeniera madrile\u00f1a que cuida de los humanos que van a la Luna: \u201cTodo es hostil en el espacio\u201d - Locos por la Ciencia","description":"Paula Ortiz Couder, de 31 a\u00f1os, cuenta que naci\u00f3 con una raqueta en la mano. Hija y nieta de tenistas profesionales \u2014su abuelo fue capit\u00e1n de Copa Davis\u2014, su destino parec\u00eda fijado de antemano. Jug\u00f3 a ese deporte desde los tres a\u00f1os, con entrenos diarios de tres horas. Un d\u00eda, a los 12, lleg\u00f3 a","inLanguage":"es-ES","isPartOf":{"@id":"https:\/\/gicd.inf.um.es\/csidinfo\/wp08\/#website"},"breadcrumb":{"@id":"https:\/\/gicd.inf.um.es\/csidinfo\/wp08\/fr\/2026\/09\/02\/paula-ortiz-couder-la-ingeniera-madrilena-que-cuida-de-los-humanos-que-van-a-la-luna-todo-es-hostil-en-el-espacio\/#breadcrumblist"},"author":{"@id":"https:\/\/gicd.inf.um.es\/csidinfo\/wp08\/author\/#author"},"creator":{"@id":"https:\/\/gicd.inf.um.es\/csidinfo\/wp08\/author\/#author"},"image":{"@type":"ImageObject","url":"https:\/\/gicd.inf.um.es\/csidinfo\/wp08\/wp-content\/uploads\/2026\/09\/MQJASKHZZVFDBK2E6AB7KE4OLQ-HK2qOp-scaled.jpg","@id":"https:\/\/gicd.inf.um.es\/csidinfo\/wp08\/fr\/2026\/09\/02\/paula-ortiz-couder-la-ingeniera-madrilena-que-cuida-de-los-humanos-que-van-a-la-luna-todo-es-hostil-en-el-espacio\/#mainImage","width":2560,"height":1920},"primaryImageOfPage":{"@id":"https:\/\/gicd.inf.um.es\/csidinfo\/wp08\/fr\/2026\/09\/02\/paula-ortiz-couder-la-ingeniera-madrilena-que-cuida-de-los-humanos-que-van-a-la-luna-todo-es-hostil-en-el-espacio\/#mainImage"},"datePublished":"2026-09-02T05:30:01+02:00","dateModified":"2026-09-02T05:30:01+02:00"},{"@type":"WebSite","@id":"https:\/\/gicd.inf.um.es\/csidinfo\/wp08\/#website","url":"https:\/\/gicd.inf.um.es\/csidinfo\/wp08\/","name":"Locos por la Ciencia","description":"Todas las noticias de ciencia y tecnolog\u00eda a tu alcance","inLanguage":"es-ES","publisher":{"@id":"https:\/\/gicd.inf.um.es\/csidinfo\/wp08\/#organization"}}]},"og:locale":"es_ES","og:site_name":"Locos por la Ciencia - Todas las noticias de ciencia y tecnolog\u00eda a tu alcance","og:type":"article","og:title":"Paula Ortiz Couder, la ingeniera madrile\u00f1a que cuida de los humanos que van a la Luna: \u201cTodo es hostil en el espacio\u201d - Locos por la Ciencia","og:description":"Paula Ortiz Couder, de 31 a\u00f1os, cuenta que naci\u00f3 con una raqueta en la mano. Hija y nieta de tenistas profesionales \u2014su abuelo fue capit\u00e1n de Copa Davis\u2014, su destino parec\u00eda fijado de antemano. Jug\u00f3 a ese deporte desde los tres a\u00f1os, con entrenos diarios de tres horas. Un d\u00eda, a los 12, lleg\u00f3 a","og:url":"https:\/\/gicd.inf.um.es\/csidinfo\/wp08\/fr\/2026\/09\/02\/paula-ortiz-couder-la-ingeniera-madrilena-que-cuida-de-los-humanos-que-van-a-la-luna-todo-es-hostil-en-el-espacio\/","article:published_time":"2026-09-02T03:30:01+00:00","article:modified_time":"2026-09-02T03:30:01+00:00","article:publisher":"https:\/\/www.facebook.com\/Docuciencia","twitter:card":"summary_large_image","twitter:title":"Paula Ortiz Couder, la ingeniera madrile\u00f1a que cuida de los humanos que van a la Luna: \u201cTodo es hostil en el espacio\u201d - Locos por la Ciencia","twitter:description":"Paula Ortiz Couder, de 31 a\u00f1os, cuenta que naci\u00f3 con una raqueta en la mano. Hija y nieta de tenistas profesionales \u2014su abuelo fue capit\u00e1n de Copa Davis\u2014, su destino parec\u00eda fijado de antemano. Jug\u00f3 a ese deporte desde los tres a\u00f1os, con entrenos diarios de tres horas. Un d\u00eda, a los 12, lleg\u00f3 a"},"aioseo_meta_data":[],"aioseo_breadcrumb":"<div class=\"aioseo-breadcrumbs\"><span class=\"aioseo-breadcrumb\">\n\t\t\t<a href=\"https:\/\/gicd.inf.um.es\/csidinfo\/wp08\" title=\"Inicio\">Inicio<\/a>\n\t\t<\/span><span class=\"aioseo-breadcrumb-separator\">\u00bb<\/span><span class=\"aioseo-breadcrumb\">\n\t\t\t<a href=\"https:\/\/gicd.inf.um.es\/csidinfo\/wp08\/category\/sin-categoria-es\/\" title=\"Sin categor\u00eda\">Sin categor\u00eda<\/a>\n\t\t<\/span><span class=\"aioseo-breadcrumb-separator\">\u00bb<\/span><span class=\"aioseo-breadcrumb\">\n\t\t\tPaula Ortiz Couder, la ingeniera madrile\u00f1a que cuida de los humanos que van a la Luna: \u201cTodo es hostil en el espacio\u201d\n\t\t<\/span><\/div>","aioseo_breadcrumb_json":[{"label":"Inicio","link":"https:\/\/gicd.inf.um.es\/csidinfo\/wp08"},{"label":"Sin categor\u00eda","link":"https:\/\/gicd.inf.um.es\/csidinfo\/wp08\/category\/sin-categoria-es\/"},{"label":"Paula Ortiz Couder, la ingeniera madrile\u00f1a que cuida de los humanos que van a la Luna: \u201cTodo es hostil en el espacio\u201d","link":"https:\/\/gicd.inf.um.es\/csidinfo\/wp08\/fr\/2026\/09\/02\/paula-ortiz-couder-la-ingeniera-madrilena-que-cuida-de-los-humanos-que-van-a-la-luna-todo-es-hostil-en-el-espacio\/"}],"_links":{"self":[{"href":"https:\/\/gicd.inf.um.es\/csidinfo\/wp08\/wp-json\/wp\/v2\/posts\/849","targetHints":{"allow":["GET"]}}],"collection":[{"href":"https:\/\/gicd.inf.um.es\/csidinfo\/wp08\/wp-json\/wp\/v2\/posts"}],"about":[{"href":"https:\/\/gicd.inf.um.es\/csidinfo\/wp08\/wp-json\/wp\/v2\/types\/post"}],"replies":[{"embeddable":true,"href":"https:\/\/gicd.inf.um.es\/csidinfo\/wp08\/wp-json\/wp\/v2\/comments?post=849"}],"version-history":[{"count":0,"href":"https:\/\/gicd.inf.um.es\/csidinfo\/wp08\/wp-json\/wp\/v2\/posts\/849\/revisions"}],"wp:featuredmedia":[{"embeddable":true,"href":"https:\/\/gicd.inf.um.es\/csidinfo\/wp08\/wp-json\/wp\/v2\/media\/850"}],"wp:attachment":[{"href":"https:\/\/gicd.inf.um.es\/csidinfo\/wp08\/wp-json\/wp\/v2\/media?parent=849"}],"wp:term":[{"taxonomy":"category","embeddable":true,"href":"https:\/\/gicd.inf.um.es\/csidinfo\/wp08\/wp-json\/wp\/v2\/categories?post=849"},{"taxonomy":"post_tag","embeddable":true,"href":"https:\/\/gicd.inf.um.es\/csidinfo\/wp08\/wp-json\/wp\/v2\/tags?post=849"}],"curies":[{"name":"wp","href":"https:\/\/api.w.org\/{rel}","templated":true}]}}