{"id":320,"date":"2025-11-12T22:05:13","date_gmt":"2025-11-12T21:05:13","guid":{"rendered":"https:\/\/gicd.inf.um.es\/csidpub\/usuario28\/?p=320"},"modified":"2026-03-26T16:25:00","modified_gmt":"2026-03-26T15:25:00","slug":"expatriadas","status":"publish","type":"post","link":"https:\/\/gicd.inf.um.es\/csidpub\/usuario28\/expatriadas\/","title":{"rendered":"Expatriadas"},"content":{"rendered":"\n<h2 class=\"wp-block-heading\">Sinopsis de la serie Expatriadas<\/h2>\n\n\n\n<p>Ambientada en la vibrante y contradictoria ciudad de Hong Kong, la trama se despliega como un retrato emocional intenso donde lo \u00edntimo y lo pol\u00edtico se entrelazan de forma inevitable. Todo comienza con la repentina y desconcertante desaparici\u00f3n del hijo menor de Margaret, ocurrida durante una aparentemente inofensiva salida nocturna a un mercado callejero. Lo que en un inicio parec\u00eda un momento cotidiano se convierte en el detonante de una espiral de angustia, culpa y desorientaci\u00f3n que arrastra no solo a Margaret, sino tambi\u00e9n a las personas que orbitan en su vida.<\/p>\n\n\n\n<p>La historia se articula a trav\u00e9s de la convergencia de tres mujeres estadounidenses que residen en Hong Kong por distintos motivos, pero que comparten una sensaci\u00f3n de desarraigo y b\u00fasqueda constante de sentido. Margaret, profundamente afectada por la p\u00e9rdida de su hijo, se ve consumida por un sentimiento de culpabilidad que no deja de crecer. Cada recuerdo, cada decisi\u00f3n pasada, se transforma en una carga insoportable. Su dolor no es solo el de una madre que ha perdido a su hijo, sino tambi\u00e9n el de una mujer que comienza a cuestionar su identidad, su papel como madre y las decisiones que la llevaron hasta ese momento.<\/p>\n\n\n\n<p>Por otro lado, Hilary, su compa\u00f1era y amiga cercana, atraviesa una crisis personal que se desarrolla paralelamente al drama de Margaret. Su matrimonio, que en otro tiempo parec\u00eda estable, se desmorona lentamente. Entre discusiones no resueltas, silencios inc\u00f3modos y una creciente sensaci\u00f3n de desconexi\u00f3n, Hilary intenta mantener una apariencia de normalidad mientras por dentro lidia con la frustraci\u00f3n, el miedo y la incertidumbre. Su relaci\u00f3n con Margaret tambi\u00e9n se ve tensionada, ya que la tragedia pone en evidencia las grietas emocionales que ambas han intentado ignorar.<\/p>\n\n\n\n<p>La tercera figura clave es Mercy, una joven reci\u00e9n graduada de la Universidad de Columbia, cuya presencia introduce un contraste generacional y emocional en la narrativa. Mercy es impulsiva, curiosa y, en muchos sentidos, ingenua. Atra\u00edda por la intensidad de la ciudad y por las experiencias nuevas, comienza a tomar decisiones cada vez m\u00e1s arriesgadas y autodestructivas. Sus relaciones, marcadas por la inestabilidad y la b\u00fasqueda de validaci\u00f3n, reflejan un vac\u00edo interno que intenta llenar sin \u00e9xito. A medida que su historia se entrelaza con la de Margaret y Hilary, Mercy se convierte en un espejo inc\u00f3modo de las consecuencias de huir de uno mismo.<\/p>\n\n\n\n<p>Todo esto ocurre en el contexto de las protestas del Movimiento de los Paraguas de 2014, un periodo de agitaci\u00f3n social y pol\u00edtica que a\u00f1ade una capa adicional de tensi\u00f3n a la historia. Las calles llenas de manifestantes, los enfrentamientos con la polic\u00eda y el ambiente de incertidumbre colectiva sirven como tel\u00f3n de fondo que amplifica los conflictos internos de los personajes. La ciudad misma se convierte en un personaje m\u00e1s, reflejando el caos, la resistencia y la fragilidad de quienes la habitan.<\/p>\n\n\n\n<p>Las vidas de estas tres mujeres se cruzan en una red compleja de secretos, mentiras y deseos reprimidos. Sus aventuras clandestinas y sus enredos amorosos no son solo escapatorias, sino tambi\u00e9n intentos desesperados de encontrar conexi\u00f3n en medio del aislamiento. Sin embargo, cada decisi\u00f3n tiene consecuencias, y a medida que la historia avanza, las m\u00e1scaras comienzan a caer.<\/p>\n\n\n\n<p>En \u00faltima instancia, la trama no solo explora la p\u00e9rdida y el dolor, sino tambi\u00e9n la responsabilidad, la identidad y la dificultad de enfrentarse a la verdad. Es una historia sobre c\u00f3mo, en medio del caos externo, los conflictos m\u00e1s profundos suelen ser los que llevamos dentro. <\/p>\n\n\n\n<h2 class=\"wp-block-heading\">Galer\u00eda <\/h2>\n\n\n\n<figure class=\"wp-block-gallery has-nested-images columns-default is-cropped wp-block-gallery-1 is-layout-flex wp-block-gallery-is-layout-flex\">\n<figure class=\"wp-block-image size-large\"><img loading=\"lazy\" decoding=\"async\" width=\"1024\" height=\"576\" data-id=\"322\" src=\"https:\/\/gicd.inf.um.es\/csidpub\/usuario28\/wp-content\/uploads\/2025\/11\/expatriados-galeria-4-1024x576.jpg\" alt=\"Exp 5\" class=\"wp-image-322\" srcset=\"https:\/\/gicd.inf.um.es\/csidpub\/usuario28\/wp-content\/uploads\/2025\/11\/expatriados-galeria-4-1024x576.jpg 1024w, https:\/\/gicd.inf.um.es\/csidpub\/usuario28\/wp-content\/uploads\/2025\/11\/expatriados-galeria-4-300x169.jpg 300w, https:\/\/gicd.inf.um.es\/csidpub\/usuario28\/wp-content\/uploads\/2025\/11\/expatriados-galeria-4-768x432.jpg 768w, https:\/\/gicd.inf.um.es\/csidpub\/usuario28\/wp-content\/uploads\/2025\/11\/expatriados-galeria-4-1536x864.jpg 1536w, https:\/\/gicd.inf.um.es\/csidpub\/usuario28\/wp-content\/uploads\/2025\/11\/expatriados-galeria-4-1280x720.jpg 1280w, https:\/\/gicd.inf.um.es\/csidpub\/usuario28\/wp-content\/uploads\/2025\/11\/expatriados-galeria-4.jpg 1920w\" sizes=\"auto, (max-width: 1024px) 100vw, 1024px\" \/><figcaption class=\"wp-element-caption\">CREATOR: gd-jpeg v1.0 (using IJG JPEG v80), quality = 90<\/figcaption><\/figure>\n\n\n\n<figure class=\"wp-block-image size-large\"><img loading=\"lazy\" decoding=\"async\" width=\"1024\" height=\"576\" data-id=\"323\" src=\"https:\/\/gicd.inf.um.es\/csidpub\/usuario28\/wp-content\/uploads\/2025\/11\/expatriados-galeria-5-1-1024x576.jpg\" alt=\"Exp 4\" class=\"wp-image-323\" srcset=\"https:\/\/gicd.inf.um.es\/csidpub\/usuario28\/wp-content\/uploads\/2025\/11\/expatriados-galeria-5-1-1024x576.jpg 1024w, https:\/\/gicd.inf.um.es\/csidpub\/usuario28\/wp-content\/uploads\/2025\/11\/expatriados-galeria-5-1-300x169.jpg 300w, https:\/\/gicd.inf.um.es\/csidpub\/usuario28\/wp-content\/uploads\/2025\/11\/expatriados-galeria-5-1-768x432.jpg 768w, https:\/\/gicd.inf.um.es\/csidpub\/usuario28\/wp-content\/uploads\/2025\/11\/expatriados-galeria-5-1-1536x864.jpg 1536w, https:\/\/gicd.inf.um.es\/csidpub\/usuario28\/wp-content\/uploads\/2025\/11\/expatriados-galeria-5-1-1280x720.jpg 1280w, https:\/\/gicd.inf.um.es\/csidpub\/usuario28\/wp-content\/uploads\/2025\/11\/expatriados-galeria-5-1.jpg 1920w\" sizes=\"auto, (max-width: 1024px) 100vw, 1024px\" \/><\/figure>\n\n\n\n<figure class=\"wp-block-image size-large\"><img loading=\"lazy\" decoding=\"async\" width=\"1024\" height=\"576\" data-id=\"324\" src=\"https:\/\/gicd.inf.um.es\/csidpub\/usuario28\/wp-content\/uploads\/2025\/11\/expatriados-galeria-3-1024x576.jpg\" alt=\"Exp 3\" class=\"wp-image-324\" srcset=\"https:\/\/gicd.inf.um.es\/csidpub\/usuario28\/wp-content\/uploads\/2025\/11\/expatriados-galeria-3-1024x576.jpg 1024w, https:\/\/gicd.inf.um.es\/csidpub\/usuario28\/wp-content\/uploads\/2025\/11\/expatriados-galeria-3-300x169.jpg 300w, https:\/\/gicd.inf.um.es\/csidpub\/usuario28\/wp-content\/uploads\/2025\/11\/expatriados-galeria-3-768x432.jpg 768w, https:\/\/gicd.inf.um.es\/csidpub\/usuario28\/wp-content\/uploads\/2025\/11\/expatriados-galeria-3-1536x864.jpg 1536w, https:\/\/gicd.inf.um.es\/csidpub\/usuario28\/wp-content\/uploads\/2025\/11\/expatriados-galeria-3-1280x720.jpg 1280w, https:\/\/gicd.inf.um.es\/csidpub\/usuario28\/wp-content\/uploads\/2025\/11\/expatriados-galeria-3.jpg 1920w\" sizes=\"auto, (max-width: 1024px) 100vw, 1024px\" \/><\/figure>\n\n\n\n<figure class=\"wp-block-image size-large\"><img loading=\"lazy\" decoding=\"async\" width=\"1024\" height=\"576\" data-id=\"325\" src=\"https:\/\/gicd.inf.um.es\/csidpub\/usuario28\/wp-content\/uploads\/2025\/11\/expatriados-galeria-2-1024x576.jpg\" alt=\"Exp 2\" class=\"wp-image-325\" srcset=\"https:\/\/gicd.inf.um.es\/csidpub\/usuario28\/wp-content\/uploads\/2025\/11\/expatriados-galeria-2-1024x576.jpg 1024w, https:\/\/gicd.inf.um.es\/csidpub\/usuario28\/wp-content\/uploads\/2025\/11\/expatriados-galeria-2-300x169.jpg 300w, https:\/\/gicd.inf.um.es\/csidpub\/usuario28\/wp-content\/uploads\/2025\/11\/expatriados-galeria-2-768x432.jpg 768w, https:\/\/gicd.inf.um.es\/csidpub\/usuario28\/wp-content\/uploads\/2025\/11\/expatriados-galeria-2-1536x864.jpg 1536w, https:\/\/gicd.inf.um.es\/csidpub\/usuario28\/wp-content\/uploads\/2025\/11\/expatriados-galeria-2-1280x720.jpg 1280w, https:\/\/gicd.inf.um.es\/csidpub\/usuario28\/wp-content\/uploads\/2025\/11\/expatriados-galeria-2.jpg 1920w\" sizes=\"auto, (max-width: 1024px) 100vw, 1024px\" \/><figcaption class=\"wp-element-caption\">CREATOR: gd-jpeg v1.0 (using IJG JPEG v80), quality = 90<\/figcaption><\/figure>\n\n\n\n<figure class=\"wp-block-image size-large\"><img loading=\"lazy\" decoding=\"async\" width=\"1024\" height=\"576\" data-id=\"326\" src=\"https:\/\/gicd.inf.um.es\/csidpub\/usuario28\/wp-content\/uploads\/2025\/11\/expatriados-galeria-1-1024x576.jpg\" alt=\"Exp 1\" class=\"wp-image-326\" srcset=\"https:\/\/gicd.inf.um.es\/csidpub\/usuario28\/wp-content\/uploads\/2025\/11\/expatriados-galeria-1-1024x576.jpg 1024w, https:\/\/gicd.inf.um.es\/csidpub\/usuario28\/wp-content\/uploads\/2025\/11\/expatriados-galeria-1-300x169.jpg 300w, https:\/\/gicd.inf.um.es\/csidpub\/usuario28\/wp-content\/uploads\/2025\/11\/expatriados-galeria-1-768x432.jpg 768w, https:\/\/gicd.inf.um.es\/csidpub\/usuario28\/wp-content\/uploads\/2025\/11\/expatriados-galeria-1-1536x864.jpg 1536w, https:\/\/gicd.inf.um.es\/csidpub\/usuario28\/wp-content\/uploads\/2025\/11\/expatriados-galeria-1-1280x720.jpg 1280w, https:\/\/gicd.inf.um.es\/csidpub\/usuario28\/wp-content\/uploads\/2025\/11\/expatriados-galeria-1.jpg 1920w\" sizes=\"auto, (max-width: 1024px) 100vw, 1024px\" \/><\/figure>\n<\/figure>\n\n\n\n<h2 class=\"wp-block-heading\">Tr\u00e1iler<\/h2>\n\n\n\n<figure class=\"wp-block-embed is-type-video is-provider-youtube wp-block-embed-youtube wp-embed-aspect-16-9 wp-has-aspect-ratio\"><div class=\"wp-block-embed__wrapper\">\n<iframe loading=\"lazy\" title=\"Expatriadas | Tr\u00e1iler oficial | Prime Video Espa\u00f1a\" width=\"640\" height=\"360\" src=\"https:\/\/www.youtube.com\/embed\/_tZGhwx5E1k?feature=oembed\" frameborder=\"0\" allow=\"accelerometer; autoplay; clipboard-write; encrypted-media; gyroscope; picture-in-picture; web-share\" referrerpolicy=\"strict-origin-when-cross-origin\" allowfullscreen><\/iframe>\n<\/div><\/figure>\n\n\n\n<h2 class=\"wp-block-heading\">Banda sonora <\/h2>\n\n\n\n<figure class=\"wp-block-embed is-type-rich is-provider-spotify wp-block-embed-spotify wp-embed-aspect-21-9 wp-has-aspect-ratio\"><div class=\"wp-block-embed__wrapper\">\n<iframe title=\"Spotify Embed: Expats (Prime Video Original Series Soundtrack)\" style=\"border-radius: 12px\" width=\"100%\" height=\"352\" frameborder=\"0\" allowfullscreen allow=\"autoplay; clipboard-write; encrypted-media; fullscreen; picture-in-picture\" loading=\"lazy\" src=\"https:\/\/open.spotify.com\/embed\/album\/6Qr16ujhp6MboiTVXIcw0B?utm_source=oembed\"><\/iframe>\n<\/div><\/figure>\n\n\n\n<h2 class=\"wp-block-heading\">Enlaces Externos<\/h2>\n\n\n\n<ul class=\"wp-block-list\">\n<li><a href=\"https:\/\/www.imdb.com\/es-es\/title\/tt8773420\/?ref_=nv_sr_srsg_0_tt_8_nm_0_in_0_q_EXPATRIADAS\" data-type=\"link\" data-id=\"https:\/\/www.imdb.com\/es-es\/title\/tt8773420\/?ref_=nv_sr_srsg_0_tt_8_nm_0_in_0_q_EXPATRIADAS\" rel=\"noopener\">Expatriadas en IMBD<\/a> <\/li>\n<\/ul>\n","protected":false},"excerpt":{"rendered":"<p>Expratiadas esta ambientada en el vibrante y tumultuoso Hong Kong de 2014, las vidas de tres mujeres estadounidenses -Margaret, Hilary y Mercy- se cruzan tras una repentina tragedia familiar.<\/p>\n","protected":false},"author":1,"featured_media":327,"comment_status":"closed","ping_status":"open","sticky":false,"template":"","format":"standard","meta":{"pgc_sgb_lightbox_settings":"","footnotes":""},"categories":[3],"tags":[78,77],"class_list":["post-320","post","type-post","status-publish","format-standard","has-post-thumbnail","hentry","category-drama","tag-familia","tag-historias-cruzadas"],"_links":{"self":[{"href":"https:\/\/gicd.inf.um.es\/csidpub\/usuario28\/wp-json\/wp\/v2\/posts\/320","targetHints":{"allow":["GET"]}}],"collection":[{"href":"https:\/\/gicd.inf.um.es\/csidpub\/usuario28\/wp-json\/wp\/v2\/posts"}],"about":[{"href":"https:\/\/gicd.inf.um.es\/csidpub\/usuario28\/wp-json\/wp\/v2\/types\/post"}],"author":[{"embeddable":true,"href":"https:\/\/gicd.inf.um.es\/csidpub\/usuario28\/wp-json\/wp\/v2\/users\/1"}],"replies":[{"embeddable":true,"href":"https:\/\/gicd.inf.um.es\/csidpub\/usuario28\/wp-json\/wp\/v2\/comments?post=320"}],"version-history":[{"count":5,"href":"https:\/\/gicd.inf.um.es\/csidpub\/usuario28\/wp-json\/wp\/v2\/posts\/320\/revisions"}],"predecessor-version":[{"id":579,"href":"https:\/\/gicd.inf.um.es\/csidpub\/usuario28\/wp-json\/wp\/v2\/posts\/320\/revisions\/579"}],"wp:featuredmedia":[{"embeddable":true,"href":"https:\/\/gicd.inf.um.es\/csidpub\/usuario28\/wp-json\/wp\/v2\/media\/327"}],"wp:attachment":[{"href":"https:\/\/gicd.inf.um.es\/csidpub\/usuario28\/wp-json\/wp\/v2\/media?parent=320"}],"wp:term":[{"taxonomy":"category","embeddable":true,"href":"https:\/\/gicd.inf.um.es\/csidpub\/usuario28\/wp-json\/wp\/v2\/categories?post=320"},{"taxonomy":"post_tag","embeddable":true,"href":"https:\/\/gicd.inf.um.es\/csidpub\/usuario28\/wp-json\/wp\/v2\/tags?post=320"}],"curies":[{"name":"wp","href":"https:\/\/api.w.org\/{rel}","templated":true}]}}