{"id":271,"date":"2025-11-18T17:56:29","date_gmt":"2025-11-18T16:56:29","guid":{"rendered":"https:\/\/gicd.inf.um.es\/csidpub\/usuario30\/?p=271"},"modified":"2025-11-24T16:51:53","modified_gmt":"2025-11-24T15:51:53","slug":"torre-eiffel","status":"publish","type":"post","link":"https:\/\/gicd.inf.um.es\/csidpub\/usuario30\/torre-eiffel\/","title":{"rendered":"Torre Eiffel"},"content":{"rendered":"\n<h2 class=\"wp-block-heading\">Historia<\/h2>\n\n\n\n<p>La&nbsp;<strong>torre Eiffel<\/strong> (<em>tour Eiffel<\/em>, en franc\u00e9s), inicialmente llamada&nbsp;<em>Tour de 300 m\u00e8tres<\/em>, es una estructura de&nbsp;hierro pudelado&nbsp;dise\u00f1ada inicialmente por los ingenieros civiles&nbsp;Maurice Koechline y&nbsp;\u00c9mile Nouguier y construida, tras el redise\u00f1o est\u00e9tico de Stephen Sauvestre, por el ingeniero civil franc\u00e9s Gustave Eiffel y sus colaboradores para la Exposici\u00f3n Universal de 1889 en&nbsp;Par\u00eds (Francia).\u200b<\/p>\n\n\n\n<p>Ubicada en el extremo del Campo de Marte&nbsp;a la orilla del r\u00edo Sena, este monumento parisino, s\u00edmbolo de Francia&nbsp;y de su capital, es la estructura m\u00e1s alta de la ciudad y el monumento tur\u00edstico m\u00e1s visitado del mundo, con 7,1 millones de turistas cada a\u00f1o. Con una altura de 300 metros, prolongada m\u00e1s tarde con una antena hasta los 324 metros, la torre Eiffel fue la estructura m\u00e1s elevada del mundo durante cuarenta y un a\u00f1os. Es el monumento de pago m\u00e1s visitado del mundo.\u200b<\/p>\n\n\n\n<p>Fue construida en dos a\u00f1os, dos meses y cinco d\u00edas, y en su momento gener\u00f3 cierta controversia entre los artistas&nbsp;de la \u00e9poca, que la ve\u00edan como un \u00abmonstruo\u00bb de&nbsp;hierro. Tras finalizar su funci\u00f3n como parte de las Exposiciones Universales de 1889 y 1900, fue utilizada en pruebas del ej\u00e9rcito franc\u00e9s con antenas de comunicaci\u00f3n,\u200b y hoy en d\u00eda sirve, adem\u00e1s de atractivo tur\u00edstico, como emisora de programas&nbsp;radiof\u00f3nicos y televisivos. El 15 de marzo de 2022 se sustituy\u00f3 la antena de radio con la ayuda de un helic\u00f3ptero, pasando de 324 a 330 m de altura total.\u200b<\/p>\n\n\n\n<h2 class=\"wp-block-heading\">Galer\u00eda<\/h2>\n\n\n\n<figure class=\"wp-block-gallery has-nested-images columns-default is-cropped wp-block-gallery-1 is-layout-flex wp-block-gallery-is-layout-flex\">\n<figure class=\"wp-block-image size-large\"><a href=\"https:\/\/gicd.inf.um.es\/csidpub\/usuario30\/wp-content\/uploads\/2025\/11\/Torre-Eiffel-1.jpg\"><img loading=\"lazy\" decoding=\"async\" width=\"450\" height=\"300\" data-id=\"277\" src=\"https:\/\/gicd.inf.um.es\/csidpub\/usuario30\/wp-content\/uploads\/2025\/11\/Torre-Eiffel-1.jpg\" alt=\"Torre Eiffel 1\" class=\"wp-image-277\" srcset=\"https:\/\/gicd.inf.um.es\/csidpub\/usuario30\/wp-content\/uploads\/2025\/11\/Torre-Eiffel-1.jpg 450w, https:\/\/gicd.inf.um.es\/csidpub\/usuario30\/wp-content\/uploads\/2025\/11\/Torre-Eiffel-1-300x200.jpg 300w\" sizes=\"auto, (max-width: 450px) 100vw, 450px\" \/><\/a><\/figure>\n\n\n\n<figure class=\"wp-block-image size-large\"><a href=\"https:\/\/gicd.inf.um.es\/csidpub\/usuario30\/wp-content\/uploads\/2025\/11\/Torre-Eiffel-2-scaled.jpeg\"><img loading=\"lazy\" decoding=\"async\" width=\"683\" height=\"1024\" data-id=\"276\" src=\"https:\/\/gicd.inf.um.es\/csidpub\/usuario30\/wp-content\/uploads\/2025\/11\/Torre-Eiffel-2-683x1024.jpeg\" alt=\"Torre Eiffel 2\" class=\"wp-image-276\" srcset=\"https:\/\/gicd.inf.um.es\/csidpub\/usuario30\/wp-content\/uploads\/2025\/11\/Torre-Eiffel-2-683x1024.jpeg 683w, https:\/\/gicd.inf.um.es\/csidpub\/usuario30\/wp-content\/uploads\/2025\/11\/Torre-Eiffel-2-200x300.jpeg 200w, https:\/\/gicd.inf.um.es\/csidpub\/usuario30\/wp-content\/uploads\/2025\/11\/Torre-Eiffel-2-768x1152.jpeg 768w, https:\/\/gicd.inf.um.es\/csidpub\/usuario30\/wp-content\/uploads\/2025\/11\/Torre-Eiffel-2-1024x1536.jpeg 1024w, https:\/\/gicd.inf.um.es\/csidpub\/usuario30\/wp-content\/uploads\/2025\/11\/Torre-Eiffel-2-1365x2048.jpeg 1365w, https:\/\/gicd.inf.um.es\/csidpub\/usuario30\/wp-content\/uploads\/2025\/11\/Torre-Eiffel-2-scaled.jpeg 1707w\" sizes=\"auto, (max-width: 683px) 100vw, 683px\" \/><\/a><\/figure>\n\n\n\n<figure class=\"wp-block-image size-large\"><a href=\"https:\/\/gicd.inf.um.es\/csidpub\/usuario30\/wp-content\/uploads\/2025\/11\/Torre-Eiffel-3.jpg\"><img loading=\"lazy\" decoding=\"async\" width=\"1024\" height=\"682\" data-id=\"275\" src=\"https:\/\/gicd.inf.um.es\/csidpub\/usuario30\/wp-content\/uploads\/2025\/11\/Torre-Eiffel-3-1024x682.jpg\" alt=\"Torre Eiffel 3\" class=\"wp-image-275\" srcset=\"https:\/\/gicd.inf.um.es\/csidpub\/usuario30\/wp-content\/uploads\/2025\/11\/Torre-Eiffel-3-1024x682.jpg 1024w, https:\/\/gicd.inf.um.es\/csidpub\/usuario30\/wp-content\/uploads\/2025\/11\/Torre-Eiffel-3-300x200.jpg 300w, https:\/\/gicd.inf.um.es\/csidpub\/usuario30\/wp-content\/uploads\/2025\/11\/Torre-Eiffel-3-768x512.jpg 768w, https:\/\/gicd.inf.um.es\/csidpub\/usuario30\/wp-content\/uploads\/2025\/11\/Torre-Eiffel-3-1536x1023.jpg 1536w, https:\/\/gicd.inf.um.es\/csidpub\/usuario30\/wp-content\/uploads\/2025\/11\/Torre-Eiffel-3.jpg 1600w\" sizes=\"auto, (max-width: 1024px) 100vw, 1024px\" \/><\/a><\/figure>\n\n\n\n<figure class=\"wp-block-image size-full\"><a href=\"https:\/\/gicd.inf.um.es\/csidpub\/usuario30\/wp-content\/uploads\/2025\/11\/paris-champs-de-mars-torre-eiffel-hd.jpg\"><img loading=\"lazy\" decoding=\"async\" width=\"1600\" height=\"1066\" data-id=\"572\" src=\"https:\/\/gicd.inf.um.es\/csidpub\/usuario30\/wp-content\/uploads\/2025\/11\/paris-champs-de-mars-torre-eiffel-hd.jpg\" alt=\"Torre Eiffel 4\" class=\"wp-image-572\" srcset=\"https:\/\/gicd.inf.um.es\/csidpub\/usuario30\/wp-content\/uploads\/2025\/11\/paris-champs-de-mars-torre-eiffel-hd.jpg 1600w, https:\/\/gicd.inf.um.es\/csidpub\/usuario30\/wp-content\/uploads\/2025\/11\/paris-champs-de-mars-torre-eiffel-hd-300x200.jpg 300w, https:\/\/gicd.inf.um.es\/csidpub\/usuario30\/wp-content\/uploads\/2025\/11\/paris-champs-de-mars-torre-eiffel-hd-1024x682.jpg 1024w, https:\/\/gicd.inf.um.es\/csidpub\/usuario30\/wp-content\/uploads\/2025\/11\/paris-champs-de-mars-torre-eiffel-hd-768x512.jpg 768w, https:\/\/gicd.inf.um.es\/csidpub\/usuario30\/wp-content\/uploads\/2025\/11\/paris-champs-de-mars-torre-eiffel-hd-1536x1023.jpg 1536w\" sizes=\"auto, (max-width: 1600px) 100vw, 1600px\" \/><\/a><\/figure>\n\n\n\n<figure class=\"wp-block-image size-large\"><a href=\"https:\/\/gicd.inf.um.es\/csidpub\/usuario30\/wp-content\/uploads\/2025\/11\/Torre-Eiffel-5.jpg\"><img loading=\"lazy\" decoding=\"async\" width=\"576\" height=\"768\" data-id=\"273\" src=\"https:\/\/gicd.inf.um.es\/csidpub\/usuario30\/wp-content\/uploads\/2025\/11\/Torre-Eiffel-5.jpg\" alt=\"Torre Eiffel 5\" class=\"wp-image-273\" srcset=\"https:\/\/gicd.inf.um.es\/csidpub\/usuario30\/wp-content\/uploads\/2025\/11\/Torre-Eiffel-5.jpg 576w, https:\/\/gicd.inf.um.es\/csidpub\/usuario30\/wp-content\/uploads\/2025\/11\/Torre-Eiffel-5-225x300.jpg 225w\" sizes=\"auto, (max-width: 576px) 100vw, 576px\" \/><\/a><\/figure>\n<\/figure>\n\n\n\n<h2 class=\"wp-block-heading\">Curiosidades<\/h2>\n\n\n\n<ol class=\"wp-block-list\">\n<li>En lo m\u00e1s alto de la torre hay una<strong> habitaci\u00f3n secreta<\/strong>&nbsp;que el propio Gustave Eiffel construy\u00f3 para uso privado, la cual no estaba accesible al p\u00fablico hasta hace no demasiado tiempo.<\/li>\n\n\n\n<li> Adem\u00e1s, durante la Segunda Guerra Mundial, cuando Par\u00eds estaba bajo ocupaci\u00f3n nazi,&nbsp;<strong>Adolf Hitler orden\u00f3 que la Torre Eiffel fuera demolida<\/strong>, al considerar que el s\u00edmbolo de Par\u00eds no deb\u00eda sobrevivir.<\/li>\n\n\n\n<li>No se puede fotografiar por la noche debido a que, aunque es uno de los monumentos m\u00e1s fotografiados del mundo,&nbsp;<strong>las im\u00e1genes de la Torre Eiffel iluminada por la noche est\u00e1n protegidas por derechos de autor<\/strong>, dado que la iluminaci\u00f3n nocturna dise\u00f1ada por Pierre Bideau en 1985 se considera una obra art\u00edstica por derecho propio.<\/li>\n<\/ol>\n\n\n\n<h2 class=\"wp-block-heading\">YouTube<\/h2>\n\n\n\n<figure class=\"wp-block-embed is-type-video is-provider-youtube wp-block-embed-youtube wp-embed-aspect-16-9 wp-has-aspect-ratio\"><div class=\"wp-block-embed__wrapper\">\n<iframe loading=\"lazy\" title=\"Torre Eiffel: La Historia detr\u00e1s de La Maravilla del Hierro\" width=\"640\" height=\"360\" src=\"https:\/\/www.youtube.com\/embed\/VSUoD089Spk?feature=oembed\" frameborder=\"0\" allow=\"accelerometer; autoplay; clipboard-write; encrypted-media; gyroscope; picture-in-picture; web-share\" referrerpolicy=\"strict-origin-when-cross-origin\" allowfullscreen><\/iframe>\n<\/div><\/figure>\n","protected":false},"excerpt":{"rendered":"<p>Majestuosa e inseparable del paisaje parisino, la Torre Eiffel encarna la elegancia y la audacia arquitect\u00f3nica. Dise\u00f1ada por Gustave Eiffel para la Exposici\u00f3n Universal de 1889, domina la capital desde sus 330 metros de altura.<\/p>\n<p>De d\u00eda como de noche, su apariencia cambia al ritmo de la luz, ofreciendo una vista panor\u00e1mica impresionante de todo Par\u00eds. S\u00edmbolo de la Ciudad de la Luz, sigue fascinando a millones de visitantes cada a\u00f1o. Un monumento m\u00edtico para descubrir o redescubrir sin moderaci\u00f3n.<\/p>\n","protected":false},"author":1,"featured_media":557,"comment_status":"closed","ping_status":"open","sticky":false,"template":"","format":"standard","meta":{"pgc_sgb_lightbox_settings":"","footnotes":""},"categories":[53,55],"tags":[69,70,45],"class_list":["post-271","post","type-post","status-publish","format-standard","has-post-thumbnail","hentry","category-actividad-1","category-europa","tag-francia","tag-monumento","tag-paris-2"],"_links":{"self":[{"href":"https:\/\/gicd.inf.um.es\/csidpub\/usuario30\/wp-json\/wp\/v2\/posts\/271","targetHints":{"allow":["GET"]}}],"collection":[{"href":"https:\/\/gicd.inf.um.es\/csidpub\/usuario30\/wp-json\/wp\/v2\/posts"}],"about":[{"href":"https:\/\/gicd.inf.um.es\/csidpub\/usuario30\/wp-json\/wp\/v2\/types\/post"}],"author":[{"embeddable":true,"href":"https:\/\/gicd.inf.um.es\/csidpub\/usuario30\/wp-json\/wp\/v2\/users\/1"}],"replies":[{"embeddable":true,"href":"https:\/\/gicd.inf.um.es\/csidpub\/usuario30\/wp-json\/wp\/v2\/comments?post=271"}],"version-history":[{"count":6,"href":"https:\/\/gicd.inf.um.es\/csidpub\/usuario30\/wp-json\/wp\/v2\/posts\/271\/revisions"}],"predecessor-version":[{"id":573,"href":"https:\/\/gicd.inf.um.es\/csidpub\/usuario30\/wp-json\/wp\/v2\/posts\/271\/revisions\/573"}],"wp:featuredmedia":[{"embeddable":true,"href":"https:\/\/gicd.inf.um.es\/csidpub\/usuario30\/wp-json\/wp\/v2\/media\/557"}],"wp:attachment":[{"href":"https:\/\/gicd.inf.um.es\/csidpub\/usuario30\/wp-json\/wp\/v2\/media?parent=271"}],"wp:term":[{"taxonomy":"category","embeddable":true,"href":"https:\/\/gicd.inf.um.es\/csidpub\/usuario30\/wp-json\/wp\/v2\/categories?post=271"},{"taxonomy":"post_tag","embeddable":true,"href":"https:\/\/gicd.inf.um.es\/csidpub\/usuario30\/wp-json\/wp\/v2\/tags?post=271"}],"curies":[{"name":"wp","href":"https:\/\/api.w.org\/{rel}","templated":true}]}}