{"id":329,"date":"2025-11-19T13:05:25","date_gmt":"2025-11-19T12:05:25","guid":{"rendered":"https:\/\/gicd.inf.um.es\/csidpub\/usuario30\/?p=329"},"modified":"2025-11-24T16:45:09","modified_gmt":"2025-11-24T15:45:09","slug":"machu-picchu","status":"publish","type":"post","link":"https:\/\/gicd.inf.um.es\/csidpub\/usuario30\/machu-picchu\/","title":{"rendered":"Machu Picchu"},"content":{"rendered":"\n<h2 class=\"wp-block-heading\">Historia<\/h2>\n\n\n\n<p>Machu Picchu es el nombre contempor\u00e1neo que se da a una llacta (antiguo poblado incaico) construida antes del siglo XV, en la cordillera Oriental del sur del Per\u00fa, en la cadena monta\u00f1osa de los Andes a 2.430 metros sobre el nivel del mar.\u200b Est\u00e1 en el departamento del Cuzco (provincia de Urubamba, distrito de Machupicchu) sobre el Valle Sagrado de los Incas,\u200b a 80 kil\u00f3metros al noroeste del Cuzco, ciudad del Per\u00fa y por donde fluye el r\u00edo Urubamba, r\u00edo que atraviesa la cordillera y origina un ca\u00f1\u00f3n con clima de monta\u00f1a tropical. Forma parte de un \u00e1rea de conservaci\u00f3n arqueol\u00f3gica y ecol\u00f3gica del mismo nombre.\u200b Seg\u00fan muchos estudios, su nombre original habr\u00eda sido Llaqtapata o Patallaqta.<\/p>\n\n\n\n<p>Seg\u00fan documentos de mediados del siglo XVI, ten\u00eda car\u00e1cter privado. Sin embargo, algunas de sus mejores construcciones y el evidente car\u00e1cter ceremonial de la principal v\u00eda de acceso a la llaqta dan cuenta de su origen anterior a Pachac\u00fatec y a su presumible utilizaci\u00f3n como santuario religioso. Ambos usos, el de palacio y el de santuario, no habr\u00edan sido incompatibles. Aun cuando se discute su supuesto car\u00e1cter militar, por lo que los populares calificativos de \u00abfortaleza\u00bb o \u00abciudadela\u00bb podr\u00edan haber sido superados.<\/p>\n\n\n\n<h2 class=\"wp-block-heading\">Galer\u00eda<\/h2>\n\n\n\n<figure class=\"wp-block-gallery has-nested-images columns-default is-cropped wp-block-gallery-1 is-layout-flex wp-block-gallery-is-layout-flex\">\n<figure class=\"wp-block-image size-large\"><a href=\"https:\/\/gicd.inf.um.es\/csidpub\/usuario30\/wp-content\/uploads\/2025\/11\/Machu-Picchu-1.jpg\"><img loading=\"lazy\" decoding=\"async\" width=\"1024\" height=\"576\" data-id=\"338\" src=\"https:\/\/gicd.inf.um.es\/csidpub\/usuario30\/wp-content\/uploads\/2025\/11\/Machu-Picchu-1-1024x576.jpg\" alt=\"Machu Picchu 1\" class=\"wp-image-338\" srcset=\"https:\/\/gicd.inf.um.es\/csidpub\/usuario30\/wp-content\/uploads\/2025\/11\/Machu-Picchu-1-1024x576.jpg 1024w, https:\/\/gicd.inf.um.es\/csidpub\/usuario30\/wp-content\/uploads\/2025\/11\/Machu-Picchu-1-300x169.jpg 300w, https:\/\/gicd.inf.um.es\/csidpub\/usuario30\/wp-content\/uploads\/2025\/11\/Machu-Picchu-1-768x432.jpg 768w, https:\/\/gicd.inf.um.es\/csidpub\/usuario30\/wp-content\/uploads\/2025\/11\/Machu-Picchu-1-1280x720.jpg 1280w, https:\/\/gicd.inf.um.es\/csidpub\/usuario30\/wp-content\/uploads\/2025\/11\/Machu-Picchu-1.jpg 1366w\" sizes=\"auto, (max-width: 1024px) 100vw, 1024px\" \/><\/a><\/figure>\n\n\n\n<figure class=\"wp-block-image size-large\"><a href=\"https:\/\/gicd.inf.um.es\/csidpub\/usuario30\/wp-content\/uploads\/2025\/11\/Machu-Picchu-2.webp\"><img loading=\"lazy\" decoding=\"async\" width=\"1000\" height=\"612\" data-id=\"336\" src=\"https:\/\/gicd.inf.um.es\/csidpub\/usuario30\/wp-content\/uploads\/2025\/11\/Machu-Picchu-2.webp\" alt=\"Machu Picchu 2\" class=\"wp-image-336\" srcset=\"https:\/\/gicd.inf.um.es\/csidpub\/usuario30\/wp-content\/uploads\/2025\/11\/Machu-Picchu-2.webp 1000w, https:\/\/gicd.inf.um.es\/csidpub\/usuario30\/wp-content\/uploads\/2025\/11\/Machu-Picchu-2-300x184.webp 300w, https:\/\/gicd.inf.um.es\/csidpub\/usuario30\/wp-content\/uploads\/2025\/11\/Machu-Picchu-2-768x470.webp 768w\" sizes=\"auto, (max-width: 1000px) 100vw, 1000px\" \/><\/a><\/figure>\n\n\n\n<figure class=\"wp-block-image size-large\"><a href=\"https:\/\/gicd.inf.um.es\/csidpub\/usuario30\/wp-content\/uploads\/2025\/11\/Machu-Picchu-3.jpg\"><img loading=\"lazy\" decoding=\"async\" width=\"640\" height=\"868\" data-id=\"335\" src=\"https:\/\/gicd.inf.um.es\/csidpub\/usuario30\/wp-content\/uploads\/2025\/11\/Machu-Picchu-3.jpg\" alt=\"Machu Picchu 3\" class=\"wp-image-335\" srcset=\"https:\/\/gicd.inf.um.es\/csidpub\/usuario30\/wp-content\/uploads\/2025\/11\/Machu-Picchu-3.jpg 640w, https:\/\/gicd.inf.um.es\/csidpub\/usuario30\/wp-content\/uploads\/2025\/11\/Machu-Picchu-3-221x300.jpg 221w\" sizes=\"auto, (max-width: 640px) 100vw, 640px\" \/><\/a><\/figure>\n\n\n\n<figure class=\"wp-block-image size-large\"><a href=\"https:\/\/gicd.inf.um.es\/csidpub\/usuario30\/wp-content\/uploads\/2025\/11\/Machu-Picchu-4.webp\"><img loading=\"lazy\" decoding=\"async\" width=\"1000\" height=\"1000\" data-id=\"334\" src=\"https:\/\/gicd.inf.um.es\/csidpub\/usuario30\/wp-content\/uploads\/2025\/11\/Machu-Picchu-4.webp\" alt=\"Machu Picchu 4\" class=\"wp-image-334\" srcset=\"https:\/\/gicd.inf.um.es\/csidpub\/usuario30\/wp-content\/uploads\/2025\/11\/Machu-Picchu-4.webp 1000w, https:\/\/gicd.inf.um.es\/csidpub\/usuario30\/wp-content\/uploads\/2025\/11\/Machu-Picchu-4-300x300.webp 300w, https:\/\/gicd.inf.um.es\/csidpub\/usuario30\/wp-content\/uploads\/2025\/11\/Machu-Picchu-4-150x150.webp 150w, https:\/\/gicd.inf.um.es\/csidpub\/usuario30\/wp-content\/uploads\/2025\/11\/Machu-Picchu-4-768x768.webp 768w\" sizes=\"auto, (max-width: 1000px) 100vw, 1000px\" \/><\/a><\/figure>\n\n\n\n<figure class=\"wp-block-image size-large\"><a href=\"https:\/\/gicd.inf.um.es\/csidpub\/usuario30\/wp-content\/uploads\/2025\/11\/Machupicchu.jpg\"><img loading=\"lazy\" decoding=\"async\" width=\"1024\" height=\"576\" data-id=\"566\" src=\"https:\/\/gicd.inf.um.es\/csidpub\/usuario30\/wp-content\/uploads\/2025\/11\/Machupicchu-1024x576.jpg\" alt=\"Machupicchu  5\" class=\"wp-image-566\" srcset=\"https:\/\/gicd.inf.um.es\/csidpub\/usuario30\/wp-content\/uploads\/2025\/11\/Machupicchu-1024x576.jpg 1024w, https:\/\/gicd.inf.um.es\/csidpub\/usuario30\/wp-content\/uploads\/2025\/11\/Machupicchu-300x169.jpg 300w, https:\/\/gicd.inf.um.es\/csidpub\/usuario30\/wp-content\/uploads\/2025\/11\/Machupicchu-768x432.jpg 768w, https:\/\/gicd.inf.um.es\/csidpub\/usuario30\/wp-content\/uploads\/2025\/11\/Machupicchu-1536x864.jpg 1536w, https:\/\/gicd.inf.um.es\/csidpub\/usuario30\/wp-content\/uploads\/2025\/11\/Machupicchu-1280x720.jpg 1280w, https:\/\/gicd.inf.um.es\/csidpub\/usuario30\/wp-content\/uploads\/2025\/11\/Machupicchu.jpg 1920w\" sizes=\"auto, (max-width: 1024px) 100vw, 1024px\" \/><\/a><\/figure>\n<\/figure>\n\n\n\n<h2 class=\"wp-block-heading\">Curiosidades<\/h2>\n\n\n\n<ol class=\"wp-block-list\">\n<li>Se cree que sirvi\u00f3 como una <strong>finca real<\/strong> o retiro para Pachacutec y otros miembros de la nobleza inca. La ubicaci\u00f3n estrat\u00e9gica del sitio y su impresionante arquitectura sugieren que desempe\u00f1\u00f3 un papel importante en las actividades religiosas, pol\u00edticas y administrativas del Imperio Inca.<\/li>\n\n\n\n<li>Los incas que construyeron Machu Picchu eran conocidos por sus excepcionales conocimientos de <strong>arquitectura<\/strong>, <strong>medicina<\/strong> y <strong>astronom\u00eda<\/strong>.<\/li>\n\n\n\n<li>Se construy\u00f3 <strong>sin ruedas<\/strong> ni animales de tiro. La civilizaci\u00f3n Inca logr\u00f3 esta notable haza\u00f1a de ingenier\u00eda y construcci\u00f3n mediante el trabajo manual y t\u00e9cnicas sofisticadas.<\/li>\n<\/ol>\n\n\n\n<h2 class=\"wp-block-heading\">YouTube<\/h2>\n\n\n\n<figure class=\"wp-block-embed is-type-video is-provider-youtube wp-block-embed-youtube wp-embed-aspect-4-3 wp-has-aspect-ratio\"><div class=\"wp-block-embed__wrapper\">\n<iframe loading=\"lazy\" title=\"MACHU PICCHU AL DESCUBIERTO - NATIONAL GEOGRAPHIC\" width=\"640\" height=\"480\" src=\"https:\/\/www.youtube.com\/embed\/nK3-GEL5jCY?feature=oembed\" frameborder=\"0\" allow=\"accelerometer; autoplay; clipboard-write; encrypted-media; gyroscope; picture-in-picture; web-share\" referrerpolicy=\"strict-origin-when-cross-origin\" allowfullscreen><\/iframe>\n<\/div><\/figure>\n","protected":false},"excerpt":{"rendered":"<p>Es una de las 7 maravillas del mundo y uno de los atractivos tur\u00edsticos m\u00e1s visitados por turistas de todas partes.<br \/>\nSus murallas y las gigantescas piedras con las que fue construida causa m\u00e1s de un asombro a sus visitantes.<br \/>\nConstruida en el siglo XV, posee una temperatura que puede ir desde los -2\u00b0C hasta los 21\u00b0C.<\/p>\n","protected":false},"author":1,"featured_media":337,"comment_status":"closed","ping_status":"open","sticky":false,"template":"","format":"standard","meta":{"pgc_sgb_lightbox_settings":"","footnotes":""},"categories":[53,56],"tags":[83,82,81],"class_list":["post-329","post","type-post","status-publish","format-standard","has-post-thumbnail","hentry","category-actividad-1","category-america","tag-cultura","tag-inca","tag-peru"],"_links":{"self":[{"href":"https:\/\/gicd.inf.um.es\/csidpub\/usuario30\/wp-json\/wp\/v2\/posts\/329","targetHints":{"allow":["GET"]}}],"collection":[{"href":"https:\/\/gicd.inf.um.es\/csidpub\/usuario30\/wp-json\/wp\/v2\/posts"}],"about":[{"href":"https:\/\/gicd.inf.um.es\/csidpub\/usuario30\/wp-json\/wp\/v2\/types\/post"}],"author":[{"embeddable":true,"href":"https:\/\/gicd.inf.um.es\/csidpub\/usuario30\/wp-json\/wp\/v2\/users\/1"}],"replies":[{"embeddable":true,"href":"https:\/\/gicd.inf.um.es\/csidpub\/usuario30\/wp-json\/wp\/v2\/comments?post=329"}],"version-history":[{"count":6,"href":"https:\/\/gicd.inf.um.es\/csidpub\/usuario30\/wp-json\/wp\/v2\/posts\/329\/revisions"}],"predecessor-version":[{"id":568,"href":"https:\/\/gicd.inf.um.es\/csidpub\/usuario30\/wp-json\/wp\/v2\/posts\/329\/revisions\/568"}],"wp:featuredmedia":[{"embeddable":true,"href":"https:\/\/gicd.inf.um.es\/csidpub\/usuario30\/wp-json\/wp\/v2\/media\/337"}],"wp:attachment":[{"href":"https:\/\/gicd.inf.um.es\/csidpub\/usuario30\/wp-json\/wp\/v2\/media?parent=329"}],"wp:term":[{"taxonomy":"category","embeddable":true,"href":"https:\/\/gicd.inf.um.es\/csidpub\/usuario30\/wp-json\/wp\/v2\/categories?post=329"},{"taxonomy":"post_tag","embeddable":true,"href":"https:\/\/gicd.inf.um.es\/csidpub\/usuario30\/wp-json\/wp\/v2\/tags?post=329"}],"curies":[{"name":"wp","href":"https:\/\/api.w.org\/{rel}","templated":true}]}}