{"id":371,"date":"2025-11-19T15:59:58","date_gmt":"2025-11-19T14:59:58","guid":{"rendered":"https:\/\/gicd.inf.um.es\/csidpub\/usuario30\/?p=371"},"modified":"2025-11-24T16:54:14","modified_gmt":"2025-11-24T15:54:14","slug":"371-2","status":"publish","type":"post","link":"https:\/\/gicd.inf.um.es\/csidpub\/usuario30\/371-2\/","title":{"rendered":"Cristo Redentor"},"content":{"rendered":"\n<h2 class=\"wp-block-heading\">Historia<\/h2>\n\n\n\n<p>El Cristo Redentor o Cristo del Corcovado (en portugu\u00e9s: Cristo do Corcovado) es una estatua art d\u00e9co que representa a Jes\u00fas de Nazaret, con los brazos abiertos, mostrando a la ciudad de R\u00edo de Janeiro, Brasil. La estatua situada en la cima del cerro Corcovado se encuentra a 709 metros sobre el nivel del mar, dominando una parte considerable de la ciudad brasile\u00f1a de R\u00edo de Janeiro. Est\u00e1 construido con hormig\u00f3n armado y piedra jab\u00f3n.<\/p>\n\n\n\n<p>La estatua tiene una altura de treinta metros sobre un pedestal de ocho metros. Este monumento fue inaugurado el 12 de octubre de 1931 despu\u00e9s de aproximadamente 5 a\u00f1os de construcci\u00f3n. Con 30 m (38 con el pedestal), es la quinta estatua de Jes\u00fas de Nazaret m\u00e1s grande del mundo. <\/p>\n\n\n\n<p>El monumento forma parte de un santuario Cat\u00f3lico y la archidi\u00f3cesis de R\u00edo de Janeiro gestiona la estatua y la meseta mirador, adem\u00e1s de ser responsable del mantenimiento y las celebraciones en la zona. El derecho de gesti\u00f3n del lugar fue concedido por la Uni\u00f3n a la Archidi\u00f3cesis de R\u00edo en la d\u00e9cada de 1930, pero el acceso a la estatua se realiza a trav\u00e9s del Parque Nacional da Tijuca, gestionado por el Instituto Chico Mendes de Conserva\u00e7\u00e3o da Biodiversidade. <\/p>\n\n\n\n<h2 class=\"wp-block-heading\">Galer\u00eda<\/h2>\n\n\n\n<figure class=\"wp-block-gallery has-nested-images columns-default is-cropped wp-block-gallery-1 is-layout-flex wp-block-gallery-is-layout-flex\">\n<figure class=\"wp-block-image size-large\"><a href=\"https:\/\/gicd.inf.um.es\/csidpub\/usuario30\/wp-content\/uploads\/2025\/11\/Cristo-Redentor-1.jpeg\"><img loading=\"lazy\" decoding=\"async\" width=\"1024\" height=\"683\" data-id=\"379\" src=\"https:\/\/gicd.inf.um.es\/csidpub\/usuario30\/wp-content\/uploads\/2025\/11\/Cristo-Redentor-1-1024x683.jpeg\" alt=\"Cristo Redentor 1\" class=\"wp-image-379\" srcset=\"https:\/\/gicd.inf.um.es\/csidpub\/usuario30\/wp-content\/uploads\/2025\/11\/Cristo-Redentor-1-1024x683.jpeg 1024w, https:\/\/gicd.inf.um.es\/csidpub\/usuario30\/wp-content\/uploads\/2025\/11\/Cristo-Redentor-1-300x200.jpeg 300w, https:\/\/gicd.inf.um.es\/csidpub\/usuario30\/wp-content\/uploads\/2025\/11\/Cristo-Redentor-1-768x512.jpeg 768w, https:\/\/gicd.inf.um.es\/csidpub\/usuario30\/wp-content\/uploads\/2025\/11\/Cristo-Redentor-1.jpeg 1200w\" sizes=\"auto, (max-width: 1024px) 100vw, 1024px\" \/><\/a><\/figure>\n\n\n\n<figure class=\"wp-block-image size-large\"><a href=\"https:\/\/gicd.inf.um.es\/csidpub\/usuario30\/wp-content\/uploads\/2025\/11\/Cristo-Redentor-2.jpg\"><img loading=\"lazy\" decoding=\"async\" width=\"668\" height=\"446\" data-id=\"378\" src=\"https:\/\/gicd.inf.um.es\/csidpub\/usuario30\/wp-content\/uploads\/2025\/11\/Cristo-Redentor-2.jpg\" alt=\"Cristo Redentor 2\" class=\"wp-image-378\" srcset=\"https:\/\/gicd.inf.um.es\/csidpub\/usuario30\/wp-content\/uploads\/2025\/11\/Cristo-Redentor-2.jpg 668w, https:\/\/gicd.inf.um.es\/csidpub\/usuario30\/wp-content\/uploads\/2025\/11\/Cristo-Redentor-2-300x200.jpg 300w\" sizes=\"auto, (max-width: 668px) 100vw, 668px\" \/><\/a><\/figure>\n\n\n\n<figure class=\"wp-block-image size-large\"><a href=\"https:\/\/gicd.inf.um.es\/csidpub\/usuario30\/wp-content\/uploads\/2025\/11\/Cristo-Redentor-3.webp\"><img loading=\"lazy\" decoding=\"async\" width=\"1024\" height=\"576\" data-id=\"377\" src=\"https:\/\/gicd.inf.um.es\/csidpub\/usuario30\/wp-content\/uploads\/2025\/11\/Cristo-Redentor-3-1024x576.webp\" alt=\"Cristo Redentor 3\" class=\"wp-image-377\" srcset=\"https:\/\/gicd.inf.um.es\/csidpub\/usuario30\/wp-content\/uploads\/2025\/11\/Cristo-Redentor-3-1024x576.webp 1024w, https:\/\/gicd.inf.um.es\/csidpub\/usuario30\/wp-content\/uploads\/2025\/11\/Cristo-Redentor-3-300x169.webp 300w, https:\/\/gicd.inf.um.es\/csidpub\/usuario30\/wp-content\/uploads\/2025\/11\/Cristo-Redentor-3-768x432.webp 768w, https:\/\/gicd.inf.um.es\/csidpub\/usuario30\/wp-content\/uploads\/2025\/11\/Cristo-Redentor-3-1536x864.webp 1536w, https:\/\/gicd.inf.um.es\/csidpub\/usuario30\/wp-content\/uploads\/2025\/11\/Cristo-Redentor-3-1280x720.webp 1280w, https:\/\/gicd.inf.um.es\/csidpub\/usuario30\/wp-content\/uploads\/2025\/11\/Cristo-Redentor-3.webp 1600w\" sizes=\"auto, (max-width: 1024px) 100vw, 1024px\" \/><\/a><\/figure>\n\n\n\n<figure class=\"wp-block-image size-large\"><a href=\"https:\/\/gicd.inf.um.es\/csidpub\/usuario30\/wp-content\/uploads\/2025\/11\/Cristo-Redentor-4.jpg\"><img loading=\"lazy\" decoding=\"async\" width=\"1024\" height=\"768\" data-id=\"569\" src=\"https:\/\/gicd.inf.um.es\/csidpub\/usuario30\/wp-content\/uploads\/2025\/11\/Cristo-Redentor-4-1024x768.jpg\" alt=\"Cristo Redentor 4\" class=\"wp-image-569\" srcset=\"https:\/\/gicd.inf.um.es\/csidpub\/usuario30\/wp-content\/uploads\/2025\/11\/Cristo-Redentor-4-1024x768.jpg 1024w, https:\/\/gicd.inf.um.es\/csidpub\/usuario30\/wp-content\/uploads\/2025\/11\/Cristo-Redentor-4-300x225.jpg 300w, https:\/\/gicd.inf.um.es\/csidpub\/usuario30\/wp-content\/uploads\/2025\/11\/Cristo-Redentor-4-768x576.jpg 768w, https:\/\/gicd.inf.um.es\/csidpub\/usuario30\/wp-content\/uploads\/2025\/11\/Cristo-Redentor-4-1536x1152.jpg 1536w, https:\/\/gicd.inf.um.es\/csidpub\/usuario30\/wp-content\/uploads\/2025\/11\/Cristo-Redentor-4.jpg 2000w\" sizes=\"auto, (max-width: 1024px) 100vw, 1024px\" \/><\/a><\/figure>\n\n\n\n<figure class=\"wp-block-image size-large\"><a href=\"https:\/\/gicd.inf.um.es\/csidpub\/usuario30\/wp-content\/uploads\/2025\/11\/Cristo-Redentor-5-scaled.avif\"><img loading=\"lazy\" decoding=\"async\" width=\"1024\" height=\"683\" data-id=\"375\" src=\"https:\/\/gicd.inf.um.es\/csidpub\/usuario30\/wp-content\/uploads\/2025\/11\/Cristo-Redentor-5-1024x683.jpg\" alt=\"Cristo Redentor 5\" class=\"wp-image-375\" srcset=\"https:\/\/gicd.inf.um.es\/csidpub\/usuario30\/wp-content\/uploads\/2025\/11\/Cristo-Redentor-5-1024x683.jpg 1024w, https:\/\/gicd.inf.um.es\/csidpub\/usuario30\/wp-content\/uploads\/2025\/11\/Cristo-Redentor-5-300x200.jpg 300w, https:\/\/gicd.inf.um.es\/csidpub\/usuario30\/wp-content\/uploads\/2025\/11\/Cristo-Redentor-5-768x512.jpg 768w, https:\/\/gicd.inf.um.es\/csidpub\/usuario30\/wp-content\/uploads\/2025\/11\/Cristo-Redentor-5-1536x1024.jpg 1536w, https:\/\/gicd.inf.um.es\/csidpub\/usuario30\/wp-content\/uploads\/2025\/11\/Cristo-Redentor-5-2048x1365.jpg 2048w\" sizes=\"auto, (max-width: 1024px) 100vw, 1024px\" \/><\/a><\/figure>\n<\/figure>\n\n\n\n<h2 class=\"wp-block-heading\">Curiosidades<\/h2>\n\n\n\n<ol class=\"wp-block-list\">\n<li>El brazo izquierdo del Cristo es <strong>40 cent\u00edmetros m\u00e1s peque\u00f1o<\/strong> que el brazo derecho. Esto se hizo adrede, los brazos fueron dise\u00f1ados como la vela de un barco y de esta manera es ser capaz de resistir vientos de hasta 150 kil\u00f3metros por hora.<\/li>\n\n\n\n<li>El Cristo Redentor, aunque no se los veamos, si que tiene pies, se asoman por debajo la t\u00fanica, adem\u00e1s, en la cabeza lleva una corona de espinas, cuya funci\u00f3n es hacer de pararrayos.<\/li>\n\n\n\n<li>La estatua del Cristo Redentor es completamente <strong>hueca<\/strong>, a excepci\u00f3n de las manos. De hecho, se puede entrar en el interior y salir por las manos o por la cabeza, aunque el acceso s\u00f3lo est\u00e1 permitido a personal de mantenimiento y a miembros autorizados por la Arquidi\u00f3cesis de R\u00edo.<\/li>\n<\/ol>\n\n\n\n<h2 class=\"wp-block-heading\">YouTube<\/h2>\n\n\n\n<figure class=\"wp-block-embed is-type-video is-provider-youtube wp-block-embed-youtube wp-embed-aspect-16-9 wp-has-aspect-ratio\"><div class=\"wp-block-embed__wrapper\">\n<iframe loading=\"lazy\" title=\"Historia del Cristo Redentor del Corcovado, la imagen m\u00e1s conocida mundialmente de Brasil\" width=\"640\" height=\"360\" src=\"https:\/\/www.youtube.com\/embed\/X2DdctuCZ1A?feature=oembed\" frameborder=\"0\" allow=\"accelerometer; autoplay; clipboard-write; encrypted-media; gyroscope; picture-in-picture; web-share\" referrerpolicy=\"strict-origin-when-cross-origin\" allowfullscreen><\/iframe>\n<\/div><\/figure>\n","protected":false},"excerpt":{"rendered":"<p>S\u00edmbolo del cristianismo, el Cristo Redentor tambi\u00e9n se ha convertido en un icono cultural de R\u00edo de Janeiro, Brasil y Latinoam\u00e9rica en su conjunto,\u200b y es retratado en el cine, la televisi\u00f3n y la m\u00fasica.<\/p>\n","protected":false},"author":1,"featured_media":576,"comment_status":"closed","ping_status":"open","sticky":false,"template":"","format":"standard","meta":{"pgc_sgb_lightbox_settings":"","footnotes":""},"categories":[53,56],"tags":[87,86,89],"class_list":["post-371","post","type-post","status-publish","format-standard","has-post-thumbnail","hentry","category-actividad-1","category-america","tag-brasil","tag-cristo","tag-rio-de-janeiro"],"_links":{"self":[{"href":"https:\/\/gicd.inf.um.es\/csidpub\/usuario30\/wp-json\/wp\/v2\/posts\/371","targetHints":{"allow":["GET"]}}],"collection":[{"href":"https:\/\/gicd.inf.um.es\/csidpub\/usuario30\/wp-json\/wp\/v2\/posts"}],"about":[{"href":"https:\/\/gicd.inf.um.es\/csidpub\/usuario30\/wp-json\/wp\/v2\/types\/post"}],"author":[{"embeddable":true,"href":"https:\/\/gicd.inf.um.es\/csidpub\/usuario30\/wp-json\/wp\/v2\/users\/1"}],"replies":[{"embeddable":true,"href":"https:\/\/gicd.inf.um.es\/csidpub\/usuario30\/wp-json\/wp\/v2\/comments?post=371"}],"version-history":[{"count":6,"href":"https:\/\/gicd.inf.um.es\/csidpub\/usuario30\/wp-json\/wp\/v2\/posts\/371\/revisions"}],"predecessor-version":[{"id":577,"href":"https:\/\/gicd.inf.um.es\/csidpub\/usuario30\/wp-json\/wp\/v2\/posts\/371\/revisions\/577"}],"wp:featuredmedia":[{"embeddable":true,"href":"https:\/\/gicd.inf.um.es\/csidpub\/usuario30\/wp-json\/wp\/v2\/media\/576"}],"wp:attachment":[{"href":"https:\/\/gicd.inf.um.es\/csidpub\/usuario30\/wp-json\/wp\/v2\/media?parent=371"}],"wp:term":[{"taxonomy":"category","embeddable":true,"href":"https:\/\/gicd.inf.um.es\/csidpub\/usuario30\/wp-json\/wp\/v2\/categories?post=371"},{"taxonomy":"post_tag","embeddable":true,"href":"https:\/\/gicd.inf.um.es\/csidpub\/usuario30\/wp-json\/wp\/v2\/tags?post=371"}],"curies":[{"name":"wp","href":"https:\/\/api.w.org\/{rel}","templated":true}]}}