{"id":400,"date":"2025-11-19T16:59:34","date_gmt":"2025-11-19T15:59:34","guid":{"rendered":"https:\/\/gicd.inf.um.es\/csidpub\/usuario30\/?p=400"},"modified":"2025-11-25T14:54:53","modified_gmt":"2025-11-25T13:54:53","slug":"petra","status":"publish","type":"post","link":"https:\/\/gicd.inf.um.es\/csidpub\/usuario30\/petra\/","title":{"rendered":"Petra"},"content":{"rendered":"\n<h2 class=\"wp-block-heading\">Historia<\/h2>\n\n\n\n<p>Petra es un importante enclave arqueol\u00f3gico en Jordania y la capital del antiguo reino nabateo, cuyos pobladores la llamaban Raqmu. El nombre de Petra proviene del griego \u03c0\u03ad\u03c4\u03c1\u03b1, que significa piedra.<\/p>\n\n\n\n<p>El asentamiento de Petra se localiza en un valle angosto, al este del valle de Arab\u00e1 que se extiende desde el mar Muerto hasta el golfo de \u00c1qaba. Los restos m\u00e1s c\u00e9lebres de Petra son sin duda sus construcciones labradas en la misma roca del valle (hemispeos), en particular, los edificios conocidos como el Khazneh (\u2018el Tesoro\u2019) y el Deir (\u2018el Monasterio\u2019).<\/p>\n\n\n\n<p>Fundada a finales del siglo VIII a. C. por los edomitas, fue ocupada en el siglo VI a. C. por los nabateos que la hicieron prosperar gracias a su situaci\u00f3n en la ruta de las caravanas que llevaban el incienso, las especias y otros productos de lujo entre Egipto, Siria, Arabia y el sur del Mediterr\u00e1neo.<\/p>\n\n\n\n<p>Hacia el siglo VI d. C., el cambio de las rutas comerciales y los terremotos sufridos condujeron al abandono de la ciudad por sus habitantes. Cay\u00f3 en el olvido hasta que en 1812 el lugar fue redescubierto para el mundo occidental por el explorador suizo Jean Louis Burckhardt (1784-1817).<\/p>\n\n\n\n<p>Numerosos edificios, cuyas fachadas est\u00e1n directamente esculpidas en la roca, forman un conjunto monumental \u00fanico que, a partir del 6 de diciembre de 1985, est\u00e1 inscrito en la Lista del Patrimonio Mundial de la Unesco. La zona que rodea el lugar es tambi\u00e9n, desde 1993, parque nacional arqueol\u00f3gico. Desde el 7 de julio de 2007, Petra forma parte de las nuevas siete maravillas del mundo moderno.<\/p>\n\n\n\n<h2 class=\"wp-block-heading\">Galer\u00eda<\/h2>\n\n\n\n<figure class=\"wp-block-gallery has-nested-images columns-default is-cropped wp-block-gallery-1 is-layout-flex wp-block-gallery-is-layout-flex\">\n<figure class=\"wp-block-image size-large\"><a href=\"https:\/\/gicd.inf.um.es\/csidpub\/usuario30\/wp-content\/uploads\/2025\/11\/Petra-1.jpg\"><img loading=\"lazy\" decoding=\"async\" width=\"640\" height=\"433\" data-id=\"407\" src=\"https:\/\/gicd.inf.um.es\/csidpub\/usuario30\/wp-content\/uploads\/2025\/11\/Petra-1.jpg\" alt=\"Petra 1\" class=\"wp-image-407\" srcset=\"https:\/\/gicd.inf.um.es\/csidpub\/usuario30\/wp-content\/uploads\/2025\/11\/Petra-1.jpg 640w, https:\/\/gicd.inf.um.es\/csidpub\/usuario30\/wp-content\/uploads\/2025\/11\/Petra-1-300x203.jpg 300w\" sizes=\"auto, (max-width: 640px) 100vw, 640px\" \/><\/a><\/figure>\n\n\n\n<figure class=\"wp-block-image size-large\"><a href=\"https:\/\/gicd.inf.um.es\/csidpub\/usuario30\/wp-content\/uploads\/2025\/11\/Petra-2.webp\"><img loading=\"lazy\" decoding=\"async\" width=\"1024\" height=\"516\" data-id=\"406\" src=\"https:\/\/gicd.inf.um.es\/csidpub\/usuario30\/wp-content\/uploads\/2025\/11\/Petra-2-1024x516.webp\" alt=\"Petra 2\" class=\"wp-image-406\" srcset=\"https:\/\/gicd.inf.um.es\/csidpub\/usuario30\/wp-content\/uploads\/2025\/11\/Petra-2-1024x516.webp 1024w, https:\/\/gicd.inf.um.es\/csidpub\/usuario30\/wp-content\/uploads\/2025\/11\/Petra-2-300x151.webp 300w, https:\/\/gicd.inf.um.es\/csidpub\/usuario30\/wp-content\/uploads\/2025\/11\/Petra-2-768x387.webp 768w, https:\/\/gicd.inf.um.es\/csidpub\/usuario30\/wp-content\/uploads\/2025\/11\/Petra-2.webp 1440w\" sizes=\"auto, (max-width: 1024px) 100vw, 1024px\" \/><\/a><\/figure>\n\n\n\n<figure class=\"wp-block-image size-large\"><a href=\"https:\/\/gicd.inf.um.es\/csidpub\/usuario30\/wp-content\/uploads\/2025\/11\/Petra-3.webp\"><img loading=\"lazy\" decoding=\"async\" width=\"1024\" height=\"681\" data-id=\"405\" src=\"https:\/\/gicd.inf.um.es\/csidpub\/usuario30\/wp-content\/uploads\/2025\/11\/Petra-3.webp\" alt=\"Petra 3\" class=\"wp-image-405\" srcset=\"https:\/\/gicd.inf.um.es\/csidpub\/usuario30\/wp-content\/uploads\/2025\/11\/Petra-3.webp 1024w, https:\/\/gicd.inf.um.es\/csidpub\/usuario30\/wp-content\/uploads\/2025\/11\/Petra-3-300x200.webp 300w, https:\/\/gicd.inf.um.es\/csidpub\/usuario30\/wp-content\/uploads\/2025\/11\/Petra-3-768x511.webp 768w\" sizes=\"auto, (max-width: 1024px) 100vw, 1024px\" \/><\/a><\/figure>\n\n\n\n<figure class=\"wp-block-image size-large\"><a href=\"https:\/\/gicd.inf.um.es\/csidpub\/usuario30\/wp-content\/uploads\/2025\/11\/Petra-4.webp\"><img loading=\"lazy\" decoding=\"async\" width=\"620\" height=\"400\" data-id=\"404\" src=\"https:\/\/gicd.inf.um.es\/csidpub\/usuario30\/wp-content\/uploads\/2025\/11\/Petra-4.webp\" alt=\"Petra 4\" class=\"wp-image-404\" srcset=\"https:\/\/gicd.inf.um.es\/csidpub\/usuario30\/wp-content\/uploads\/2025\/11\/Petra-4.webp 620w, https:\/\/gicd.inf.um.es\/csidpub\/usuario30\/wp-content\/uploads\/2025\/11\/Petra-4-300x194.webp 300w\" sizes=\"auto, (max-width: 620px) 100vw, 620px\" \/><\/a><\/figure>\n\n\n\n<figure class=\"wp-block-image size-large\"><a href=\"https:\/\/gicd.inf.um.es\/csidpub\/usuario30\/wp-content\/uploads\/2025\/11\/Petra-5.webp\"><img loading=\"lazy\" decoding=\"async\" width=\"770\" height=\"513\" data-id=\"403\" src=\"https:\/\/gicd.inf.um.es\/csidpub\/usuario30\/wp-content\/uploads\/2025\/11\/Petra-5.webp\" alt=\"Petra 5\" class=\"wp-image-403\" srcset=\"https:\/\/gicd.inf.um.es\/csidpub\/usuario30\/wp-content\/uploads\/2025\/11\/Petra-5.webp 770w, https:\/\/gicd.inf.um.es\/csidpub\/usuario30\/wp-content\/uploads\/2025\/11\/Petra-5-300x200.webp 300w, https:\/\/gicd.inf.um.es\/csidpub\/usuario30\/wp-content\/uploads\/2025\/11\/Petra-5-768x512.webp 768w\" sizes=\"auto, (max-width: 770px) 100vw, 770px\" \/><\/a><\/figure>\n<\/figure>\n\n\n\n<h2 class=\"wp-block-heading\">Curiosidades<\/h2>\n\n\n\n<ol class=\"wp-block-list\">\n<li>En el a\u00f1o\u00a0<strong>363 a. C<\/strong> sufri\u00f3\u00a0<strong>uno de los terremotos m\u00e1s da\u00f1inos<\/strong>\u00a0de su historia, el cual afect\u00f3 a los monumentos, el teatro y los acueductos.<\/li>\n\n\n\n<li>Para llegar hasta el\u00a0<strong>Deir<\/strong>, el Monasterio, hay que subir la friolera de\u00a0<strong>850 escalones de roca<\/strong>.<\/li>\n\n\n\n<li>A d\u00eda de hoy<strong>\u00a0solo se conoce el 15%de la ciudad,<\/strong>\u00a0ya que el 85% sigue oculta bajo la tierra.<\/li>\n<\/ol>\n\n\n\n<h2 class=\"wp-block-heading\">YouTube<\/h2>\n\n\n\n<figure class=\"wp-block-embed is-type-video is-provider-youtube wp-block-embed-youtube wp-embed-aspect-16-9 wp-has-aspect-ratio\"><div class=\"wp-block-embed__wrapper\">\n<iframe loading=\"lazy\" title=\"PETRA (La ciudad Oculta)  -  Documentales\" width=\"640\" height=\"360\" src=\"https:\/\/www.youtube.com\/embed\/VHtUh7NN8bs?feature=oembed\" frameborder=\"0\" allow=\"accelerometer; autoplay; clipboard-write; encrypted-media; gyroscope; picture-in-picture; web-share\" referrerpolicy=\"strict-origin-when-cross-origin\" allowfullscreen><\/iframe>\n<\/div><\/figure>\n","protected":false},"excerpt":{"rendered":"<p>La antigua ciudad de Petra es un asombroso laberinto de tumbas talladas y templos en el desierto jordano. El paisaje parece algo de otro planeta y las estructuras parecen sacadas de una pel\u00edcula de Indiana Jones. Es un lugar que se siente de otro mundo e imposible, por lo que esta maravilla del mundo debe estar en tu lista de deseos. Pero si est\u00e1 abrumado por la idea de planificar realmente un viaje all\u00ed, tenemos todo cubierto.<\/p>\n","protected":false},"author":1,"featured_media":408,"comment_status":"closed","ping_status":"open","sticky":false,"template":"","format":"standard","meta":{"pgc_sgb_lightbox_settings":"","footnotes":""},"categories":[53,60],"tags":[93,92],"class_list":["post-400","post","type-post","status-publish","format-standard","has-post-thumbnail","hentry","category-actividad-1","category-asia","tag-ciudad","tag-jordania"],"_links":{"self":[{"href":"https:\/\/gicd.inf.um.es\/csidpub\/usuario30\/wp-json\/wp\/v2\/posts\/400","targetHints":{"allow":["GET"]}}],"collection":[{"href":"https:\/\/gicd.inf.um.es\/csidpub\/usuario30\/wp-json\/wp\/v2\/posts"}],"about":[{"href":"https:\/\/gicd.inf.um.es\/csidpub\/usuario30\/wp-json\/wp\/v2\/types\/post"}],"author":[{"embeddable":true,"href":"https:\/\/gicd.inf.um.es\/csidpub\/usuario30\/wp-json\/wp\/v2\/users\/1"}],"replies":[{"embeddable":true,"href":"https:\/\/gicd.inf.um.es\/csidpub\/usuario30\/wp-json\/wp\/v2\/comments?post=400"}],"version-history":[{"count":2,"href":"https:\/\/gicd.inf.um.es\/csidpub\/usuario30\/wp-json\/wp\/v2\/posts\/400\/revisions"}],"predecessor-version":[{"id":409,"href":"https:\/\/gicd.inf.um.es\/csidpub\/usuario30\/wp-json\/wp\/v2\/posts\/400\/revisions\/409"}],"wp:featuredmedia":[{"embeddable":true,"href":"https:\/\/gicd.inf.um.es\/csidpub\/usuario30\/wp-json\/wp\/v2\/media\/408"}],"wp:attachment":[{"href":"https:\/\/gicd.inf.um.es\/csidpub\/usuario30\/wp-json\/wp\/v2\/media?parent=400"}],"wp:term":[{"taxonomy":"category","embeddable":true,"href":"https:\/\/gicd.inf.um.es\/csidpub\/usuario30\/wp-json\/wp\/v2\/categories?post=400"},{"taxonomy":"post_tag","embeddable":true,"href":"https:\/\/gicd.inf.um.es\/csidpub\/usuario30\/wp-json\/wp\/v2\/tags?post=400"}],"curies":[{"name":"wp","href":"https:\/\/api.w.org\/{rel}","templated":true}]}}