{"id":160,"date":"2025-11-10T17:18:47","date_gmt":"2025-11-10T16:18:47","guid":{"rendered":"https:\/\/gicd.inf.um.es\/csidpub\/usuario32\/?p=160"},"modified":"2025-11-25T17:53:56","modified_gmt":"2025-11-25T16:53:56","slug":"zara","status":"publish","type":"post","link":"https:\/\/gicd.inf.um.es\/csidpub\/usuario32\/zara\/","title":{"rendered":"ZARA"},"content":{"rendered":"\n<h2 class=\"wp-block-heading\">Zara: La empresa que democratiz\u00f3 la moda <\/h2>\n\n\n\n<p class=\"has-text-align-center\">Cuando pensamos en Zara, probablemente nos venga a la mente ropa moderna, precios accesibles y tiendas llenas de novedades cada semana. Pero detr\u00e1s de esta marca hay una historia fascinante de visi\u00f3n, innovaci\u00f3n y transformaci\u00f3n del mundo de la moda.<\/p>\n\n\n\n<p class=\"has-text-align-center\">Todo comenz\u00f3 en <strong>1975 en La Coru\u00f1a, Espa\u00f1a<\/strong>, cuando <strong>Amancio Ortega Gaona<\/strong> decidi\u00f3 abrir su primera tienda. Originalmente se llam\u00f3 \u201cZorba\u201d, en homenaje a la pel\u00edcula <em>Zorba, el griego<\/em>, pero pronto tuvo que cambiar su nombre a \u201cZara\u201d debido a un bar cercano con el mismo nombre y para darle un toque m\u00e1s internacional. La idea de Ortega era sencilla: ofrecer ropa de tendencia a precios razonables, algo que en aquel momento no era com\u00fan en Espa\u00f1a.<\/p>\n\n\n\n<p class=\"has-text-align-center\">Lo que hizo realmente especial a Zara fue su <strong>modelo de negocio<\/strong>. Mientras la mayor\u00eda de marcas de moda dise\u00f1aban y produc\u00edan colecciones con meses de antelaci\u00f3n, Zara adopt\u00f3 un enfoque mucho m\u00e1s <strong>\u00e1gil y cercano al consumidor<\/strong>. La marca pod\u00eda llevar una prenda del dise\u00f1o a la tienda en apenas <strong>dos semanas<\/strong>, algo revolucionario en la industria de los a\u00f1os 70 y 80. Este enfoque permiti\u00f3 a Zara reaccionar r\u00e1pidamente a lo que los clientes quer\u00edan, adelant\u00e1ndose a las tendencias y modas pasajeras, y garantizando que siempre hubiera algo nuevo en sus tiendas.<\/p>\n\n\n\n<p class=\"has-text-align-center\">Otro pilar del \u00e9xito de Zara ha sido su <strong>control sobre la cadena de suministro<\/strong>. A diferencia de muchas marcas que externalizan completamente su producci\u00f3n, Zara mantiene f\u00e1bricas en Espa\u00f1a y Portugal, lo que le permite <strong>gestionar de manera directa la calidad y la velocidad de producci\u00f3n<\/strong>. Adem\u00e1s, su log\u00edstica es impresionante: las tiendas reciben nuevos productos varias veces por semana, creando una sensaci\u00f3n de novedad constante y fomentando la compra impulsiva, ya que los clientes saben que si no compran una prenda, probablemente desaparecer\u00e1 en pocos d\u00edas.<\/p>\n\n\n\n<figure class=\"wp-block-gallery has-nested-images columns-default is-cropped wp-block-gallery-1 is-layout-flex wp-block-gallery-is-layout-flex\">\n<figure class=\"wp-block-image size-large\"><img loading=\"lazy\" decoding=\"async\" width=\"945\" height=\"1024\" data-id=\"162\" src=\"https:\/\/gicd.inf.um.es\/csidpub\/usuario32\/wp-content\/uploads\/2025\/11\/662728-945x1024.jpg\" alt=\"\" class=\"wp-image-162\" srcset=\"https:\/\/gicd.inf.um.es\/csidpub\/usuario32\/wp-content\/uploads\/2025\/11\/662728-945x1024.jpg 945w, https:\/\/gicd.inf.um.es\/csidpub\/usuario32\/wp-content\/uploads\/2025\/11\/662728-277x300.jpg 277w, https:\/\/gicd.inf.um.es\/csidpub\/usuario32\/wp-content\/uploads\/2025\/11\/662728-768x832.jpg 768w, https:\/\/gicd.inf.um.es\/csidpub\/usuario32\/wp-content\/uploads\/2025\/11\/662728-1024x1109.jpg 1024w, https:\/\/gicd.inf.um.es\/csidpub\/usuario32\/wp-content\/uploads\/2025\/11\/662728.jpg 1200w\" sizes=\"auto, (max-width: 945px) 100vw, 945px\" \/><\/figure>\n\n\n\n<figure class=\"wp-block-image size-large\"><img loading=\"lazy\" decoding=\"async\" width=\"353\" height=\"199\" data-id=\"163\" src=\"https:\/\/gicd.inf.um.es\/csidpub\/usuario32\/wp-content\/uploads\/2025\/11\/un-logo-de-zara.jpeg\" alt=\"\" class=\"wp-image-163\" srcset=\"https:\/\/gicd.inf.um.es\/csidpub\/usuario32\/wp-content\/uploads\/2025\/11\/un-logo-de-zara.jpeg 353w, https:\/\/gicd.inf.um.es\/csidpub\/usuario32\/wp-content\/uploads\/2025\/11\/un-logo-de-zara-300x169.jpeg 300w\" sizes=\"auto, (max-width: 353px) 100vw, 353px\" \/><\/figure>\n\n\n\n<figure class=\"wp-block-image size-large\"><img loading=\"lazy\" decoding=\"async\" width=\"980\" height=\"980\" data-id=\"164\" src=\"https:\/\/gicd.inf.um.es\/csidpub\/usuario32\/wp-content\/uploads\/2025\/11\/UNPXMS3K45E4BN75UMZNXHNXTU.avif\" alt=\"\" class=\"wp-image-164\" srcset=\"https:\/\/gicd.inf.um.es\/csidpub\/usuario32\/wp-content\/uploads\/2025\/11\/UNPXMS3K45E4BN75UMZNXHNXTU.avif 980w, https:\/\/gicd.inf.um.es\/csidpub\/usuario32\/wp-content\/uploads\/2025\/11\/UNPXMS3K45E4BN75UMZNXHNXTU-300x300.jpg 300w, https:\/\/gicd.inf.um.es\/csidpub\/usuario32\/wp-content\/uploads\/2025\/11\/UNPXMS3K45E4BN75UMZNXHNXTU-150x150.jpg 150w, https:\/\/gicd.inf.um.es\/csidpub\/usuario32\/wp-content\/uploads\/2025\/11\/UNPXMS3K45E4BN75UMZNXHNXTU-768x768.jpg 768w\" sizes=\"auto, (max-width: 980px) 100vw, 980px\" \/><\/figure>\n\n\n\n<figure class=\"wp-block-image size-large\"><img loading=\"lazy\" decoding=\"async\" width=\"1024\" height=\"576\" data-id=\"165\" src=\"https:\/\/gicd.inf.um.es\/csidpub\/usuario32\/wp-content\/uploads\/2025\/11\/Zara-GettyImages-1231610299-1024x576.jpg\" alt=\"\" class=\"wp-image-165\" srcset=\"https:\/\/gicd.inf.um.es\/csidpub\/usuario32\/wp-content\/uploads\/2025\/11\/Zara-GettyImages-1231610299-1024x576.jpg 1024w, https:\/\/gicd.inf.um.es\/csidpub\/usuario32\/wp-content\/uploads\/2025\/11\/Zara-GettyImages-1231610299-300x169.jpg 300w, https:\/\/gicd.inf.um.es\/csidpub\/usuario32\/wp-content\/uploads\/2025\/11\/Zara-GettyImages-1231610299-768x432.jpg 768w, https:\/\/gicd.inf.um.es\/csidpub\/usuario32\/wp-content\/uploads\/2025\/11\/Zara-GettyImages-1231610299.jpg 1280w\" sizes=\"auto, (max-width: 1024px) 100vw, 1024px\" \/><\/figure>\n<\/figure>\n\n\n\n<p class=\"has-text-align-center\">Zara tambi\u00e9n ha sabido combinar la <strong>moda con la tecnolog\u00eda<\/strong>. Desde principios de los 2000, la empresa comenz\u00f3 a usar sistemas de an\u00e1lisis de ventas en tiempo real para entender mejor los gustos de sus clientes y ajustar la producci\u00f3n seg\u00fan la demanda. Cada tienda funciona como un peque\u00f1o centro de informaci\u00f3n que retroalimenta a la sede, permitiendo decisiones r\u00e1pidas y precisas sobre qu\u00e9 productos producir m\u00e1s y cu\u00e1les retirar.<\/p>\n\n\n\n<p class=\"has-text-align-center\">Con el tiempo, Zara se convirti\u00f3 en la marca m\u00e1s conocida del grupo <strong>Inditex<\/strong>, fundado por Amancio Ortega, que hoy es el mayor minorista de moda del mundo. Inditex incluye otras marcas como Massimo Dutti, Pull&amp;Bear y Bershka, pero Zara sigue siendo su buque insignia, con miles de tiendas en m\u00e1s de 90 pa\u00edses.<\/p>\n\n\n\n<p class=\"has-text-align-center\">Sin embargo, el \u00e9xito de Zara no ha estado exento de cr\u00edticas. La marca ha sido cuestionada por su modelo de \u201cfast fashion\u201d, que fomenta el consumo r\u00e1pido y genera un impacto ambiental significativo. Adem\u00e1s, en algunos casos se han se\u00f1alado problemas laborales en f\u00e1bricas de pa\u00edses con bajos costes de producci\u00f3n. En respuesta, Zara ha comenzado a <strong>incorporar pr\u00e1cticas m\u00e1s sostenibles<\/strong>, como el uso de materiales reciclados, ropa \u201ceco-friendly\u201d y programas de reciclaje en tiendas.<\/p>\n\n\n\n<p class=\"has-text-align-center\">Hoy, Zara no solo representa ropa asequible y a la moda, sino tambi\u00e9n un <strong>modelo de innovaci\u00f3n empresarial<\/strong>. Su historia demuestra c\u00f3mo un peque\u00f1o taller familiar en Espa\u00f1a pudo transformar la industria global de la moda gracias a una combinaci\u00f3n de visi\u00f3n, rapidez, tecnolog\u00eda y un enfoque obsesivo en el cliente. M\u00e1s que vender ropa, Zara vende <strong>experiencia, novedad y exclusividad<\/strong>, y su historia sigue siendo una inspiraci\u00f3n para emprendedores y profesionales del sector alrededor del mundo.<\/p>\n\n\n\n<p class=\"has-text-align-center\"><\/p>\n","protected":false},"excerpt":{"rendered":"<p>Zara: La empresa que democratiz\u00f3 la moda Cuando pensamos en Zara, probablemente nos venga a la mente ropa moderna, precios accesibles y tiendas llenas de novedades cada semana. Pero detr\u00e1s de esta marca hay una historia fascinante de visi\u00f3n, innovaci\u00f3n y transformaci\u00f3n del mundo de la moda. Todo comenz\u00f3 en 1975 en La Coru\u00f1a, Espa\u00f1a, [&hellip;]<\/p>\n","protected":false},"author":1,"featured_media":161,"comment_status":"closed","ping_status":"open","sticky":false,"template":"","format":"standard","meta":{"pgc_sgb_lightbox_settings":"","footnotes":""},"categories":[29,30],"tags":[33,42,31,32],"class_list":["post-160","post","type-post","status-publish","format-standard","has-post-thumbnail","hentry","category-moda","category-zara","tag-inditex","tag-marca","tag-moda","tag-zara"],"_links":{"self":[{"href":"https:\/\/gicd.inf.um.es\/csidpub\/usuario32\/wp-json\/wp\/v2\/posts\/160","targetHints":{"allow":["GET"]}}],"collection":[{"href":"https:\/\/gicd.inf.um.es\/csidpub\/usuario32\/wp-json\/wp\/v2\/posts"}],"about":[{"href":"https:\/\/gicd.inf.um.es\/csidpub\/usuario32\/wp-json\/wp\/v2\/types\/post"}],"author":[{"embeddable":true,"href":"https:\/\/gicd.inf.um.es\/csidpub\/usuario32\/wp-json\/wp\/v2\/users\/1"}],"replies":[{"embeddable":true,"href":"https:\/\/gicd.inf.um.es\/csidpub\/usuario32\/wp-json\/wp\/v2\/comments?post=160"}],"version-history":[{"count":1,"href":"https:\/\/gicd.inf.um.es\/csidpub\/usuario32\/wp-json\/wp\/v2\/posts\/160\/revisions"}],"predecessor-version":[{"id":166,"href":"https:\/\/gicd.inf.um.es\/csidpub\/usuario32\/wp-json\/wp\/v2\/posts\/160\/revisions\/166"}],"wp:featuredmedia":[{"embeddable":true,"href":"https:\/\/gicd.inf.um.es\/csidpub\/usuario32\/wp-json\/wp\/v2\/media\/161"}],"wp:attachment":[{"href":"https:\/\/gicd.inf.um.es\/csidpub\/usuario32\/wp-json\/wp\/v2\/media?parent=160"}],"wp:term":[{"taxonomy":"category","embeddable":true,"href":"https:\/\/gicd.inf.um.es\/csidpub\/usuario32\/wp-json\/wp\/v2\/categories?post=160"},{"taxonomy":"post_tag","embeddable":true,"href":"https:\/\/gicd.inf.um.es\/csidpub\/usuario32\/wp-json\/wp\/v2\/tags?post=160"}],"curies":[{"name":"wp","href":"https:\/\/api.w.org\/{rel}","templated":true}]}}