{"id":221,"date":"2025-11-17T16:19:53","date_gmt":"2025-11-17T15:19:53","guid":{"rendered":"https:\/\/gicd.inf.um.es\/csidpub\/usuario32\/?p=221"},"modified":"2025-11-25T17:52:13","modified_gmt":"2025-11-25T16:52:13","slug":"pull-bear","status":"publish","type":"post","link":"https:\/\/gicd.inf.um.es\/csidpub\/usuario32\/pull-bear\/","title":{"rendered":"PULL &amp; BEAR"},"content":{"rendered":"\n<h2 class=\"wp-block-heading\">Historia<\/h2>\n\n\n\n<p>Pull&amp;Bear naci\u00f3 en <strong>1991<\/strong> como una de las marcas j\u00f3venes del grupo <strong>Inditex<\/strong>, con el objetivo de ofrecer moda casual accesible para un p\u00fablico juvenil que buscara prendas c\u00f3modas, relajadas y alineadas con las tendencias urbanas del momento. Desde sus inicios, Pull&amp;Bear se distanci\u00f3 de la moda cl\u00e1sica y formal para apostar por un estilo desenfadado, moderno y global, inspirado en el esp\u00edritu de la calle y en las subculturas juveniles.<\/p>\n\n\n\n<p>En los primeros a\u00f1os, la marca se caracteriz\u00f3 por un enfoque sencillo y pr\u00e1ctico: prendas b\u00e1sicas, camisetas gr\u00e1ficas, denim y una est\u00e9tica que fusionaba influencias del skate, el surf, la m\u00fasica alternativa y el estilo urbano internacional. Este lenguaje visual y cultural conect\u00f3 r\u00e1pidamente con adolescentes y j\u00f3venes que buscaban una forma de expresarse mediante la ropa sin seguir c\u00f3digos r\u00edgidos de moda.<\/p>\n\n\n\n<p>Durante los a\u00f1os 2000, Pull&amp;Bear vivi\u00f3 una expansi\u00f3n acelerada. Sus colecciones comenzaron a diversificarse, incorporando m\u00e1s dise\u00f1o, l\u00edneas femeninas m\u00e1s desarrolladas y una adaptaci\u00f3n constante a las nuevas tendencias globales. El crecimiento de internet, la cultura pop y la influencia de la m\u00fasica indie-electr\u00f3nica empezaron a reflejarse en sus prendas, campa\u00f1as y comunicaci\u00f3n. La marca se consolid\u00f3 como una referencia para quienes buscaban un equilibrio entre <strong>tendencia, confort y autenticidad<\/strong>.<\/p>\n\n\n\n<p>A partir de 2010, Pull&amp;Bear profundiz\u00f3 su identidad internacional y contempor\u00e1nea, introduciendo colecciones m\u00e1s conceptuales y colaboraciones con artistas, ilustradores y marcas culturales. Sus tiendas tambi\u00e9n evolucionaron hacia espacios m\u00e1s modernos, con dise\u00f1o industrial, elementos naturales y una experiencia pensada para el p\u00fablico digital. Con el auge de las redes sociales, la marca reforz\u00f3 su conexi\u00f3n con la cultura juvenil global, adoptando un tono visual fresco, espont\u00e1neo y conectado con la m\u00fasica, la tecnolog\u00eda y los nuevos modos de vida.<\/p>\n\n\n\n<p>En esta etapa, Pull&amp;Bear empez\u00f3 a integrar m\u00e1s tecnolog\u00eda textil, materiales sostenibles y pr\u00e1cticas responsables dentro de la estrategia medioambiental de Inditex. Las colecciones comenzaron a incluir fibras recicladas, algod\u00f3n org\u00e1nico y procesos de lavado del denim con menor impacto ambiental.<\/p>\n\n\n\n<p>Hoy en d\u00eda, Pull&amp;Bear es una marca que representa la <strong>moda casual contempor\u00e1nea<\/strong> a nivel internacional. Su identidad combina:<\/p>\n\n\n\n<ul class=\"wp-block-list\">\n<li>influencias del streetwear,<\/li>\n\n\n\n<li>cultura digital,<\/li>\n\n\n\n<li>arte urbano,<\/li>\n\n\n\n<li>sostenibilidad,<\/li>\n\n\n\n<li>y un enfoque multicultural que se adapta a j\u00f3venes de todo el mundo.<\/li>\n<\/ul>\n\n\n\n<p>Presente en m\u00e1s de 70 pa\u00edses, Pull&amp;Bear contin\u00faa evolucionando con una filosof\u00eda clara: crear ropa actual, c\u00f3moda y accesible, pensada para quienes buscan un estilo libre, vers\u00e1til y conectado con su propio ritmo de vida<\/p>\n\n\n\n<h2 class=\"wp-block-heading\">Galer\u00eda<\/h2>\n\n\n\n<figure class=\"wp-block-gallery has-nested-images columns-default is-cropped wp-block-gallery-1 is-layout-flex wp-block-gallery-is-layout-flex\">\n<figure class=\"wp-block-image size-large\"><img loading=\"lazy\" decoding=\"async\" width=\"1024\" height=\"682\" data-id=\"223\" src=\"https:\/\/gicd.inf.um.es\/csidpub\/usuario32\/wp-content\/uploads\/2025\/11\/G4C1940-e1529079499851-1024x682.jpg\" alt=\"\" class=\"wp-image-223\" srcset=\"https:\/\/gicd.inf.um.es\/csidpub\/usuario32\/wp-content\/uploads\/2025\/11\/G4C1940-e1529079499851-1024x682.jpg 1024w, https:\/\/gicd.inf.um.es\/csidpub\/usuario32\/wp-content\/uploads\/2025\/11\/G4C1940-e1529079499851-300x200.jpg 300w, https:\/\/gicd.inf.um.es\/csidpub\/usuario32\/wp-content\/uploads\/2025\/11\/G4C1940-e1529079499851-768x512.jpg 768w, https:\/\/gicd.inf.um.es\/csidpub\/usuario32\/wp-content\/uploads\/2025\/11\/G4C1940-e1529079499851-1536x1024.jpg 1536w, https:\/\/gicd.inf.um.es\/csidpub\/usuario32\/wp-content\/uploads\/2025\/11\/G4C1940-e1529079499851.jpg 2000w\" sizes=\"auto, (max-width: 1024px) 100vw, 1024px\" \/><\/figure>\n\n\n\n<figure class=\"wp-block-image size-large\"><img loading=\"lazy\" decoding=\"async\" width=\"275\" height=\"183\" data-id=\"222\" src=\"https:\/\/gicd.inf.um.es\/csidpub\/usuario32\/wp-content\/uploads\/2025\/11\/images-1-3.jpeg\" alt=\"\" class=\"wp-image-222\"\/><\/figure>\n\n\n\n<figure class=\"wp-block-image size-large\"><img loading=\"lazy\" decoding=\"async\" width=\"640\" height=\"428\" data-id=\"224\" src=\"https:\/\/gicd.inf.um.es\/csidpub\/usuario32\/wp-content\/uploads\/2025\/11\/pull-bear-abre-en-madrid-su-tienda-mas-grande-del-mundo.avif\" alt=\"\" class=\"wp-image-224\" srcset=\"https:\/\/gicd.inf.um.es\/csidpub\/usuario32\/wp-content\/uploads\/2025\/11\/pull-bear-abre-en-madrid-su-tienda-mas-grande-del-mundo.avif 640w, https:\/\/gicd.inf.um.es\/csidpub\/usuario32\/wp-content\/uploads\/2025\/11\/pull-bear-abre-en-madrid-su-tienda-mas-grande-del-mundo-300x201.jpg 300w\" sizes=\"auto, (max-width: 640px) 100vw, 640px\" \/><\/figure>\n<\/figure>\n\n\n\n<h2 class=\"wp-block-heading\">Banda sonora <\/h2>\n\n\n\n<figure class=\"wp-block-embed is-type-rich is-provider-spotify wp-block-embed-spotify wp-embed-aspect-21-9 wp-has-aspect-ratio\"><div class=\"wp-block-embed__wrapper\">\n<iframe title=\"Spotify Embed: Pull &amp; Bear Playlist 2025 In Store\" style=\"border-radius: 12px\" width=\"100%\" height=\"352\" frameborder=\"0\" allowfullscreen allow=\"autoplay; clipboard-write; encrypted-media; fullscreen; picture-in-picture\" loading=\"lazy\" src=\"https:\/\/open.spotify.com\/embed\/playlist\/7f509gkcHNFw7WqDcsWOzd?utm_source=oembed\"><\/iframe>\n<\/div><\/figure>\n","protected":false},"excerpt":{"rendered":"<p>Pull&#038;Bear naci\u00f3 en 1991 como una de las marcas j\u00f3venes del grupo Inditex, con el objetivo de ofrecer moda casual accesible para un p\u00fablico juvenil que buscara prendas c\u00f3modas, relajadas y alineadas con las tendencias urbanas del momento. Desde sus inicios, Pull&#038;Bear se distanci\u00f3 de la moda cl\u00e1sica y formal para apostar por un estilo desenfadado, moderno y global, inspirado en el esp\u00edritu de la calle y en las subculturas juveniles.<\/p>\n","protected":false},"author":1,"featured_media":225,"comment_status":"closed","ping_status":"open","sticky":false,"template":"","format":"standard","meta":{"pgc_sgb_lightbox_settings":"","footnotes":""},"categories":[29],"tags":[33,42,31],"class_list":["post-221","post","type-post","status-publish","format-standard","has-post-thumbnail","hentry","category-moda","tag-inditex","tag-marca","tag-moda"],"_links":{"self":[{"href":"https:\/\/gicd.inf.um.es\/csidpub\/usuario32\/wp-json\/wp\/v2\/posts\/221","targetHints":{"allow":["GET"]}}],"collection":[{"href":"https:\/\/gicd.inf.um.es\/csidpub\/usuario32\/wp-json\/wp\/v2\/posts"}],"about":[{"href":"https:\/\/gicd.inf.um.es\/csidpub\/usuario32\/wp-json\/wp\/v2\/types\/post"}],"author":[{"embeddable":true,"href":"https:\/\/gicd.inf.um.es\/csidpub\/usuario32\/wp-json\/wp\/v2\/users\/1"}],"replies":[{"embeddable":true,"href":"https:\/\/gicd.inf.um.es\/csidpub\/usuario32\/wp-json\/wp\/v2\/comments?post=221"}],"version-history":[{"count":1,"href":"https:\/\/gicd.inf.um.es\/csidpub\/usuario32\/wp-json\/wp\/v2\/posts\/221\/revisions"}],"predecessor-version":[{"id":226,"href":"https:\/\/gicd.inf.um.es\/csidpub\/usuario32\/wp-json\/wp\/v2\/posts\/221\/revisions\/226"}],"wp:featuredmedia":[{"embeddable":true,"href":"https:\/\/gicd.inf.um.es\/csidpub\/usuario32\/wp-json\/wp\/v2\/media\/225"}],"wp:attachment":[{"href":"https:\/\/gicd.inf.um.es\/csidpub\/usuario32\/wp-json\/wp\/v2\/media?parent=221"}],"wp:term":[{"taxonomy":"category","embeddable":true,"href":"https:\/\/gicd.inf.um.es\/csidpub\/usuario32\/wp-json\/wp\/v2\/categories?post=221"},{"taxonomy":"post_tag","embeddable":true,"href":"https:\/\/gicd.inf.um.es\/csidpub\/usuario32\/wp-json\/wp\/v2\/tags?post=221"}],"curies":[{"name":"wp","href":"https:\/\/api.w.org\/{rel}","templated":true}]}}