{"id":228,"date":"2025-11-19T18:36:54","date_gmt":"2025-11-19T17:36:54","guid":{"rendered":"https:\/\/gicd.inf.um.es\/csidpub\/usuario32\/?p=228"},"modified":"2025-11-25T17:56:33","modified_gmt":"2025-11-25T16:56:33","slug":"massimo-dutti","status":"publish","type":"post","link":"https:\/\/gicd.inf.um.es\/csidpub\/usuario32\/massimo-dutti\/","title":{"rendered":"MASSIMO DUTTI"},"content":{"rendered":"\n<h2 class=\"wp-block-heading\">Historia <\/h2>\n\n\n\n<p><strong>Massimo Dutti<\/strong> fue fundada en <strong>1985<\/strong> en Barcelona por <strong>Armando Lasauca<\/strong>, con un enfoque exclusivo en moda masculina. Desde sus inicios, la marca busc\u00f3 ofrecer prendas elegantes, atemporales y de calidad, orientadas a un p\u00fablico que valoraba el estilo cl\u00e1sico con un toque moderno.<\/p>\n\n\n\n<p>En <strong>1991<\/strong>, Inditex, el grupo de Amancio Ortega, adquiri\u00f3 el <strong>65% de Massimo Dutti<\/strong>, y poco despu\u00e9s complet\u00f3 la compra, integrando la marca en su portafolio. Esto permiti\u00f3 a Massimo Dutti expandirse r\u00e1pidamente, benefici\u00e1ndose de la infraestructura, log\u00edstica y experiencia internacional de Inditex.<\/p>\n\n\n\n<p>A mediados de los a\u00f1os 90, Massimo Dutti decidi\u00f3 ampliar su oferta e incorporar una <strong>l\u00ednea femenina<\/strong> en <strong>1995<\/strong>, marcando el inicio de un cat\u00e1logo m\u00e1s diverso que incluir\u00eda ropa para hombre y mujer, accesorios y fragancias. Para 2006, la marca ya contaba con l\u00edneas claramente definidas: sastrer\u00eda y ropa masculina, ropa femenina, accesorios y perfumes, consolidando su posicionamiento como una marca de moda premium dentro del grupo Inditex. Actualmente, Massimo Dutti emplea a m\u00e1s de <strong>10.000 personas<\/strong> y tiene presencia en m\u00e1s de <strong>78 pa\u00edses<\/strong>, con m\u00e1s de <strong>643 tiendas f\u00edsicas<\/strong> y operaciones en l\u00ednea en <strong>215 mercados<\/strong>.<\/p>\n\n\n\n<p>En 2024, la marca renov\u00f3 su <strong>imagen corporativa<\/strong> con un nuevo logotipo minimalista y elegante, enmarcado en un reposicionamiento hacia un <strong>\u201clujo contempor\u00e1neo\u201d<\/strong>. Este cambio no solo afect\u00f3 al logo, sino tambi\u00e9n al dise\u00f1o de sus tiendas, incorporando interiores m\u00e1s cuidados y servicios como personal shopper, buscando ofrecer una experiencia de compra m\u00e1s sofisticada y personalizada.<\/p>\n\n\n\n<p>Massimo Dutti tambi\u00e9n ha fortalecido su relaci\u00f3n con el arte y la cultura, destacando iniciativas como exposiciones en sus tiendas emblem\u00e1ticas, especialmente en el <strong>Paseo de Gracia de Barcelona<\/strong>, donde combina moda y arte con el concepto <strong>\u201cArt in Progress\u201d<\/strong>, mostrando que la marca no solo vende ropa, sino tambi\u00e9n un estilo de vida y sensibilidad est\u00e9tica.<\/p>\n\n\n\n<p>Como homenaje a su a\u00f1o de fundaci\u00f3n, en 2024 Massimo Dutti lanz\u00f3 la <strong>fragancia \u201c1985\u201d<\/strong>, que combina notas c\u00edtricas, amaderadas y herbales, reflejando la esencia atemporal y elegante de la marca.<\/p>\n\n\n\n<p>El reciente redise\u00f1o del logo gener\u00f3 opiniones diversas: algunos consideran que perdi\u00f3 parte de la personalidad original, mientras que la marca asegura que los cambios son sutiles y refuerzan sus valores fundamentales de <strong>elegancia sobria y est\u00e9tica contempor\u00e1nea<\/strong>.<\/p>\n\n\n\n<p>Hoy, Massimo Dutti se reconoce como una marca de moda <strong>premium y elegante<\/strong>, enfocada en ofrecer prendas de calidad para un p\u00fablico que valora la sofisticaci\u00f3n discreta, manteniendo su estilo cl\u00e1sico y su identidad dentro del grupo Inditex.<\/p>\n\n\n\n<h2 class=\"wp-block-heading\">Galer\u00eda<\/h2>\n\n\n\n<figure class=\"wp-block-gallery has-nested-images columns-default is-cropped wp-block-gallery-1 is-layout-flex wp-block-gallery-is-layout-flex\">\n<figure data-wp-context=\"{&quot;imageId&quot;:&quot;69ef1a6215bb6&quot;}\" data-wp-interactive=\"core\/image\" class=\"wp-block-image size-large wp-lightbox-container\"><img loading=\"lazy\" decoding=\"async\" width=\"735\" height=\"895\" data-wp-class--hide=\"state.isContentHidden\" data-wp-class--show=\"state.isContentVisible\" data-wp-init=\"callbacks.setButtonStyles\" data-wp-on-async--click=\"actions.showLightbox\" data-wp-on-async--load=\"callbacks.setButtonStyles\" data-wp-on-async-window--resize=\"callbacks.setButtonStyles\" data-id=\"229\" src=\"https:\/\/gicd.inf.um.es\/csidpub\/usuario32\/wp-content\/uploads\/2025\/11\/950f1dc309c700c912d0707efb49e61f.jpg\" alt=\"\" class=\"wp-image-229\" srcset=\"https:\/\/gicd.inf.um.es\/csidpub\/usuario32\/wp-content\/uploads\/2025\/11\/950f1dc309c700c912d0707efb49e61f.jpg 735w, https:\/\/gicd.inf.um.es\/csidpub\/usuario32\/wp-content\/uploads\/2025\/11\/950f1dc309c700c912d0707efb49e61f-246x300.jpg 246w\" sizes=\"auto, (max-width: 735px) 100vw, 735px\" \/><button\n\t\t\tclass=\"lightbox-trigger\"\n\t\t\ttype=\"button\"\n\t\t\taria-haspopup=\"dialog\"\n\t\t\taria-label=\"Agrandar\"\n\t\t\tdata-wp-init=\"callbacks.initTriggerButton\"\n\t\t\tdata-wp-on-async--click=\"actions.showLightbox\"\n\t\t\tdata-wp-style--right=\"state.imageButtonRight\"\n\t\t\tdata-wp-style--top=\"state.imageButtonTop\"\n\t\t>\n\t\t\t<svg xmlns=\"http:\/\/www.w3.org\/2000\/svg\" width=\"12\" height=\"12\" fill=\"none\" viewBox=\"0 0 12 12\">\n\t\t\t\t<path fill=\"#fff\" d=\"M2 0a2 2 0 0 0-2 2v2h1.5V2a.5.5 0 0 1 .5-.5h2V0H2Zm2 10.5H2a.5.5 0 0 1-.5-.5V8H0v2a2 2 0 0 0 2 2h2v-1.5ZM8 12v-1.5h2a.5.5 0 0 0 .5-.5V8H12v2a2 2 0 0 1-2 2H8Zm2-12a2 2 0 0 1 2 2v2h-1.5V2a.5.5 0 0 0-.5-.5H8V0h2Z\" \/>\n\t\t\t<\/svg>\n\t\t<\/button><\/figure>\n\n\n\n<figure data-wp-context=\"{&quot;imageId&quot;:&quot;69ef1a6216128&quot;}\" data-wp-interactive=\"core\/image\" class=\"wp-block-image size-large wp-lightbox-container\"><img loading=\"lazy\" decoding=\"async\" width=\"768\" height=\"1024\" data-wp-class--hide=\"state.isContentHidden\" data-wp-class--show=\"state.isContentVisible\" data-wp-init=\"callbacks.setButtonStyles\" data-wp-on-async--click=\"actions.showLightbox\" data-wp-on-async--load=\"callbacks.setButtonStyles\" data-wp-on-async-window--resize=\"callbacks.setButtonStyles\" data-id=\"230\" src=\"https:\/\/gicd.inf.um.es\/csidpub\/usuario32\/wp-content\/uploads\/2025\/11\/massimo-dutti-768x1024.jpg\" alt=\"\" class=\"wp-image-230\" srcset=\"https:\/\/gicd.inf.um.es\/csidpub\/usuario32\/wp-content\/uploads\/2025\/11\/massimo-dutti-768x1024.jpg 768w, https:\/\/gicd.inf.um.es\/csidpub\/usuario32\/wp-content\/uploads\/2025\/11\/massimo-dutti-225x300.jpg 225w, https:\/\/gicd.inf.um.es\/csidpub\/usuario32\/wp-content\/uploads\/2025\/11\/massimo-dutti-1152x1536.jpg 1152w, https:\/\/gicd.inf.um.es\/csidpub\/usuario32\/wp-content\/uploads\/2025\/11\/massimo-dutti-1024x1365.jpg 1024w, https:\/\/gicd.inf.um.es\/csidpub\/usuario32\/wp-content\/uploads\/2025\/11\/massimo-dutti.jpg 1200w\" sizes=\"auto, (max-width: 768px) 100vw, 768px\" \/><button\n\t\t\tclass=\"lightbox-trigger\"\n\t\t\ttype=\"button\"\n\t\t\taria-haspopup=\"dialog\"\n\t\t\taria-label=\"Agrandar\"\n\t\t\tdata-wp-init=\"callbacks.initTriggerButton\"\n\t\t\tdata-wp-on-async--click=\"actions.showLightbox\"\n\t\t\tdata-wp-style--right=\"state.imageButtonRight\"\n\t\t\tdata-wp-style--top=\"state.imageButtonTop\"\n\t\t>\n\t\t\t<svg xmlns=\"http:\/\/www.w3.org\/2000\/svg\" width=\"12\" height=\"12\" fill=\"none\" viewBox=\"0 0 12 12\">\n\t\t\t\t<path fill=\"#fff\" d=\"M2 0a2 2 0 0 0-2 2v2h1.5V2a.5.5 0 0 1 .5-.5h2V0H2Zm2 10.5H2a.5.5 0 0 1-.5-.5V8H0v2a2 2 0 0 0 2 2h2v-1.5ZM8 12v-1.5h2a.5.5 0 0 0 .5-.5V8H12v2a2 2 0 0 1-2 2H8Zm2-12a2 2 0 0 1 2 2v2h-1.5V2a.5.5 0 0 0-.5-.5H8V0h2Z\" \/>\n\t\t\t<\/svg>\n\t\t<\/button><\/figure>\n\n\n\n<figure data-wp-context=\"{&quot;imageId&quot;:&quot;69ef1a6216606&quot;}\" data-wp-interactive=\"core\/image\" class=\"wp-block-image size-large wp-lightbox-container\"><img loading=\"lazy\" decoding=\"async\" width=\"580\" height=\"514\" data-wp-class--hide=\"state.isContentHidden\" data-wp-class--show=\"state.isContentVisible\" data-wp-init=\"callbacks.setButtonStyles\" data-wp-on-async--click=\"actions.showLightbox\" data-wp-on-async--load=\"callbacks.setButtonStyles\" data-wp-on-async-window--resize=\"callbacks.setButtonStyles\" data-id=\"231\" src=\"https:\/\/gicd.inf.um.es\/csidpub\/usuario32\/wp-content\/uploads\/2025\/11\/massimodutti-1.jpg\" alt=\"\" class=\"wp-image-231\" srcset=\"https:\/\/gicd.inf.um.es\/csidpub\/usuario32\/wp-content\/uploads\/2025\/11\/massimodutti-1.jpg 580w, https:\/\/gicd.inf.um.es\/csidpub\/usuario32\/wp-content\/uploads\/2025\/11\/massimodutti-1-300x266.jpg 300w\" sizes=\"auto, (max-width: 580px) 100vw, 580px\" \/><button\n\t\t\tclass=\"lightbox-trigger\"\n\t\t\ttype=\"button\"\n\t\t\taria-haspopup=\"dialog\"\n\t\t\taria-label=\"Agrandar\"\n\t\t\tdata-wp-init=\"callbacks.initTriggerButton\"\n\t\t\tdata-wp-on-async--click=\"actions.showLightbox\"\n\t\t\tdata-wp-style--right=\"state.imageButtonRight\"\n\t\t\tdata-wp-style--top=\"state.imageButtonTop\"\n\t\t>\n\t\t\t<svg xmlns=\"http:\/\/www.w3.org\/2000\/svg\" width=\"12\" height=\"12\" fill=\"none\" viewBox=\"0 0 12 12\">\n\t\t\t\t<path fill=\"#fff\" d=\"M2 0a2 2 0 0 0-2 2v2h1.5V2a.5.5 0 0 1 .5-.5h2V0H2Zm2 10.5H2a.5.5 0 0 1-.5-.5V8H0v2a2 2 0 0 0 2 2h2v-1.5ZM8 12v-1.5h2a.5.5 0 0 0 .5-.5V8H12v2a2 2 0 0 1-2 2H8Zm2-12a2 2 0 0 1 2 2v2h-1.5V2a.5.5 0 0 0-.5-.5H8V0h2Z\" \/>\n\t\t\t<\/svg>\n\t\t<\/button><\/figure>\n\n\n\n<figure data-wp-context=\"{&quot;imageId&quot;:&quot;69ef1a6216acd&quot;}\" data-wp-interactive=\"core\/image\" class=\"wp-block-image size-large wp-lightbox-container\"><img loading=\"lazy\" decoding=\"async\" width=\"983\" height=\"904\" data-wp-class--hide=\"state.isContentHidden\" data-wp-class--show=\"state.isContentVisible\" data-wp-init=\"callbacks.setButtonStyles\" data-wp-on-async--click=\"actions.showLightbox\" data-wp-on-async--load=\"callbacks.setButtonStyles\" data-wp-on-async-window--resize=\"callbacks.setButtonStyles\" data-id=\"232\" src=\"https:\/\/gicd.inf.um.es\/csidpub\/usuario32\/wp-content\/uploads\/2025\/11\/Schermata-2017-12-15-alle-18.webp\" alt=\"\" class=\"wp-image-232\" srcset=\"https:\/\/gicd.inf.um.es\/csidpub\/usuario32\/wp-content\/uploads\/2025\/11\/Schermata-2017-12-15-alle-18.webp 983w, https:\/\/gicd.inf.um.es\/csidpub\/usuario32\/wp-content\/uploads\/2025\/11\/Schermata-2017-12-15-alle-18-300x276.webp 300w, https:\/\/gicd.inf.um.es\/csidpub\/usuario32\/wp-content\/uploads\/2025\/11\/Schermata-2017-12-15-alle-18-768x706.webp 768w\" sizes=\"auto, (max-width: 983px) 100vw, 983px\" \/><button\n\t\t\tclass=\"lightbox-trigger\"\n\t\t\ttype=\"button\"\n\t\t\taria-haspopup=\"dialog\"\n\t\t\taria-label=\"Agrandar\"\n\t\t\tdata-wp-init=\"callbacks.initTriggerButton\"\n\t\t\tdata-wp-on-async--click=\"actions.showLightbox\"\n\t\t\tdata-wp-style--right=\"state.imageButtonRight\"\n\t\t\tdata-wp-style--top=\"state.imageButtonTop\"\n\t\t>\n\t\t\t<svg xmlns=\"http:\/\/www.w3.org\/2000\/svg\" width=\"12\" height=\"12\" fill=\"none\" viewBox=\"0 0 12 12\">\n\t\t\t\t<path fill=\"#fff\" d=\"M2 0a2 2 0 0 0-2 2v2h1.5V2a.5.5 0 0 1 .5-.5h2V0H2Zm2 10.5H2a.5.5 0 0 1-.5-.5V8H0v2a2 2 0 0 0 2 2h2v-1.5ZM8 12v-1.5h2a.5.5 0 0 0 .5-.5V8H12v2a2 2 0 0 1-2 2H8Zm2-12a2 2 0 0 1 2 2v2h-1.5V2a.5.5 0 0 0-.5-.5H8V0h2Z\" \/>\n\t\t\t<\/svg>\n\t\t<\/button><\/figure>\n<\/figure>\n\n\n\n<h2 class=\"wp-block-heading\">M\u00fasica de tienda <\/h2>\n\n\n\n<figure class=\"wp-block-embed is-type-rich is-provider-spotify wp-block-embed-spotify wp-embed-aspect-21-9 wp-has-aspect-ratio\"><div class=\"wp-block-embed__wrapper\">\n<iframe title=\"Spotify Embed: Massimo Dutti InStore Music 2024\" style=\"border-radius: 12px\" width=\"100%\" height=\"352\" frameborder=\"0\" allowfullscreen allow=\"autoplay; clipboard-write; encrypted-media; fullscreen; picture-in-picture\" loading=\"lazy\" src=\"https:\/\/open.spotify.com\/embed\/playlist\/1TXLLc6s2Ig0CfJtav1eRB?utm_source=oembed\"><\/iframe>\n<\/div><\/figure>\n","protected":false},"excerpt":{"rendered":"<p>Massimo Dutti fue fundada en 1985 en Barcelona por Armando Lasauca, con un enfoque exclusivo en moda masculina. Desde sus inicios, la marca busc\u00f3 ofrecer prendas elegantes, atemporales y de calidad, orientadas a un p\u00fablico que valoraba el estilo cl\u00e1sico con un toque moderno.<\/p>\n","protected":false},"author":1,"featured_media":233,"comment_status":"closed","ping_status":"open","sticky":false,"template":"","format":"standard","meta":{"pgc_sgb_lightbox_settings":"","footnotes":""},"categories":[29],"tags":[40,42],"class_list":["post-228","post","type-post","status-publish","format-standard","has-post-thumbnail","hentry","category-moda","tag-lujo","tag-marca"],"_links":{"self":[{"href":"https:\/\/gicd.inf.um.es\/csidpub\/usuario32\/wp-json\/wp\/v2\/posts\/228","targetHints":{"allow":["GET"]}}],"collection":[{"href":"https:\/\/gicd.inf.um.es\/csidpub\/usuario32\/wp-json\/wp\/v2\/posts"}],"about":[{"href":"https:\/\/gicd.inf.um.es\/csidpub\/usuario32\/wp-json\/wp\/v2\/types\/post"}],"author":[{"embeddable":true,"href":"https:\/\/gicd.inf.um.es\/csidpub\/usuario32\/wp-json\/wp\/v2\/users\/1"}],"replies":[{"embeddable":true,"href":"https:\/\/gicd.inf.um.es\/csidpub\/usuario32\/wp-json\/wp\/v2\/comments?post=228"}],"version-history":[{"count":1,"href":"https:\/\/gicd.inf.um.es\/csidpub\/usuario32\/wp-json\/wp\/v2\/posts\/228\/revisions"}],"predecessor-version":[{"id":234,"href":"https:\/\/gicd.inf.um.es\/csidpub\/usuario32\/wp-json\/wp\/v2\/posts\/228\/revisions\/234"}],"wp:featuredmedia":[{"embeddable":true,"href":"https:\/\/gicd.inf.um.es\/csidpub\/usuario32\/wp-json\/wp\/v2\/media\/233"}],"wp:attachment":[{"href":"https:\/\/gicd.inf.um.es\/csidpub\/usuario32\/wp-json\/wp\/v2\/media?parent=228"}],"wp:term":[{"taxonomy":"category","embeddable":true,"href":"https:\/\/gicd.inf.um.es\/csidpub\/usuario32\/wp-json\/wp\/v2\/categories?post=228"},{"taxonomy":"post_tag","embeddable":true,"href":"https:\/\/gicd.inf.um.es\/csidpub\/usuario32\/wp-json\/wp\/v2\/tags?post=228"}],"curies":[{"name":"wp","href":"https:\/\/api.w.org\/{rel}","templated":true}]}}