{"id":238,"date":"2025-11-19T18:41:50","date_gmt":"2025-11-19T17:41:50","guid":{"rendered":"https:\/\/gicd.inf.um.es\/csidpub\/usuario32\/?p=238"},"modified":"2025-11-25T17:53:15","modified_gmt":"2025-11-25T16:53:15","slug":"harry-lambert-x-zara-cutie-chaos","status":"publish","type":"post","link":"https:\/\/gicd.inf.um.es\/csidpub\/usuario32\/harry-lambert-x-zara-cutie-chaos\/","title":{"rendered":"Harry Lambert \u00d7 Zara \u2014 Cutie Chaos"},"content":{"rendered":"\n<p>La colaboraci\u00f3n <strong>\u201cCutie Chaos\u201d<\/strong> marca la primera asociaci\u00f3n de Zara con el estilista brit\u00e1nico <strong>Harry Lambert<\/strong>, conocido por ser el estilista de Harry Styles. La colecci\u00f3n est\u00e1 compuesta por <strong>m\u00e1s de 60 piezas<\/strong>, incluyendo ropa y accesorios, y se caracteriza por una est\u00e9tica nost\u00e1lgica con fuertes referencias a los a\u00f1os 60 y 70, cortes oversize, colores retro y un aire l\u00fadico y personal.<\/p>\n\n\n\n<h3 class=\"wp-block-heading\">Inspiraci\u00f3n y estilo<\/h3>\n\n\n\n<p>Harry Lambert se inspir\u00f3 en sus propias experiencias coleccionando ropa vintage y en ilustraciones de cromos antiguos de su infancia. Las prendas incluyen chaquetas con cremallera tipo retro, abrigos duffle con forro de piel sint\u00e9tica y jerseys de punto con intarsia que muestran peque\u00f1os personajes \u201ccuties\u201d. La colecci\u00f3n juega con las proporciones, utilizando cortes oversize y pu\u00f1os y bajos alargados, creando un estilo llamativo y desenfadado.<\/p>\n\n\n\n<h3 class=\"wp-block-heading\">Accesorios<\/h3>\n\n\n\n<p>La l\u00ednea de accesorios incluye collares de cristales, bolsos tipo bandolera con el logo \u201cCutie Chaos\u201d, bolsos ilustrados tipo \u201ccarry-all\u201d y bufandas largas pensadas para combinar con los jerseys. Tambi\u00e9n se incluyen zapatillas con plataforma en distintos colores y estampados, manteniendo la est\u00e9tica l\u00fadica de la colecci\u00f3n.<\/p>\n\n\n\n<h3 class=\"wp-block-heading\">Sostenibilidad<\/h3>\n\n\n\n<p>La colecci\u00f3n incorpora <strong>fibras recicladas<\/strong>, como lana, poli\u00e9ster, nailon y algod\u00f3n, as\u00ed como vaqueros de <strong>algod\u00f3n org\u00e1nico<\/strong>, buscando un equilibrio entre moda y responsabilidad ambiental. Adem\u00e1s, los detalles cuidados como botones forrados y acabados de calidad aumentan la durabilidad de las prendas.<\/p>\n\n\n\n<h3 class=\"wp-block-heading\">Filosof\u00eda de g\u00e9nero<\/h3>\n\n\n\n<p>Muchas piezas de la colecci\u00f3n son <strong>unisex<\/strong>, borrando las l\u00edneas tradicionales de g\u00e9nero. Los cortes oversize permiten que tanto hombres como mujeres puedan usar las prendas libremente, reforzando un mensaje de inclusi\u00f3n y versatilidad.<\/p>\n\n\n\n<h3 class=\"wp-block-heading\">Lanzamiento<\/h3>\n\n\n\n<p>\u201cCutie Chaos\u201d se puso a la venta el <strong>13 de noviembre<\/strong> en Zara.com y en tiendas seleccionadas. Los precios oscilaron aproximadamente entre <strong>19,95\u202f\u20ac y 129\u202f\u20ac<\/strong>, haciendo la colaboraci\u00f3n accesible sin perder el car\u00e1cter de c\u00e1psula especial.<\/p>\n\n\n\n<h3 class=\"wp-block-heading\">Recepci\u00f3n<\/h3>\n\n\n\n<p>La colecci\u00f3n ha sido bien recibida por su mezcla de nostalgia, diversi\u00f3n y conciencia ambiental. Lambert la describe como un \u201cregalo para su yo joven\u201d, reflejando un estilo personal y cercano a su infancia. La colaboraci\u00f3n combina moda comercial con aspiraci\u00f3n est\u00e9tica y emocional, destac\u00e1ndose como un ejemplo de c\u00f3mo Zara puede crear c\u00e1psulas de dise\u00f1o innovadoras dentro de un marco accesible.<\/p>\n\n\n\n<figure class=\"wp-block-gallery has-nested-images columns-default is-cropped wp-block-gallery-1 is-layout-flex wp-block-gallery-is-layout-flex\">\n<figure class=\"wp-block-image size-large\"><img loading=\"lazy\" decoding=\"async\" width=\"683\" height=\"1024\" data-id=\"240\" src=\"https:\/\/gicd.inf.um.es\/csidpub\/usuario32\/wp-content\/uploads\/2025\/11\/06085378251-09569119733-06866284707-12199320700-ult-683x1024.jpg\" alt=\"\" class=\"wp-image-240\" srcset=\"https:\/\/gicd.inf.um.es\/csidpub\/usuario32\/wp-content\/uploads\/2025\/11\/06085378251-09569119733-06866284707-12199320700-ult-683x1024.jpg 683w, https:\/\/gicd.inf.um.es\/csidpub\/usuario32\/wp-content\/uploads\/2025\/11\/06085378251-09569119733-06866284707-12199320700-ult-200x300.jpg 200w, https:\/\/gicd.inf.um.es\/csidpub\/usuario32\/wp-content\/uploads\/2025\/11\/06085378251-09569119733-06866284707-12199320700-ult-768x1152.jpg 768w, https:\/\/gicd.inf.um.es\/csidpub\/usuario32\/wp-content\/uploads\/2025\/11\/06085378251-09569119733-06866284707-12199320700-ult-1024x1536.jpg 1024w, https:\/\/gicd.inf.um.es\/csidpub\/usuario32\/wp-content\/uploads\/2025\/11\/06085378251-09569119733-06866284707-12199320700-ult-1365x2048.jpg 1365w, https:\/\/gicd.inf.um.es\/csidpub\/usuario32\/wp-content\/uploads\/2025\/11\/06085378251-09569119733-06866284707-12199320700-ult.jpg 1600w\" sizes=\"auto, (max-width: 683px) 100vw, 683px\" \/><\/figure>\n\n\n\n<figure class=\"wp-block-image size-large\"><img loading=\"lazy\" decoding=\"async\" width=\"201\" height=\"251\" data-id=\"239\" src=\"https:\/\/gicd.inf.um.es\/csidpub\/usuario32\/wp-content\/uploads\/2025\/11\/images-2-1.jpeg\" alt=\"\" class=\"wp-image-239\"\/><\/figure>\n\n\n\n<figure class=\"wp-block-image size-large\"><img loading=\"lazy\" decoding=\"async\" width=\"820\" height=\"1024\" data-id=\"241\" src=\"https:\/\/gicd.inf.um.es\/csidpub\/usuario32\/wp-content\/uploads\/2025\/11\/MK_ZARA_MEN_Shot_04_039_AD_F02-820x1024.jpg\" alt=\"\" class=\"wp-image-241\" srcset=\"https:\/\/gicd.inf.um.es\/csidpub\/usuario32\/wp-content\/uploads\/2025\/11\/MK_ZARA_MEN_Shot_04_039_AD_F02-820x1024.jpg 820w, https:\/\/gicd.inf.um.es\/csidpub\/usuario32\/wp-content\/uploads\/2025\/11\/MK_ZARA_MEN_Shot_04_039_AD_F02-240x300.jpg 240w, https:\/\/gicd.inf.um.es\/csidpub\/usuario32\/wp-content\/uploads\/2025\/11\/MK_ZARA_MEN_Shot_04_039_AD_F02-768x959.jpg 768w, https:\/\/gicd.inf.um.es\/csidpub\/usuario32\/wp-content\/uploads\/2025\/11\/MK_ZARA_MEN_Shot_04_039_AD_F02-1231x1536.jpg 1231w, https:\/\/gicd.inf.um.es\/csidpub\/usuario32\/wp-content\/uploads\/2025\/11\/MK_ZARA_MEN_Shot_04_039_AD_F02-1024x1278.jpg 1024w, https:\/\/gicd.inf.um.es\/csidpub\/usuario32\/wp-content\/uploads\/2025\/11\/MK_ZARA_MEN_Shot_04_039_AD_F02.jpg 1600w\" sizes=\"auto, (max-width: 820px) 100vw, 820px\" \/><\/figure>\n<\/figure>\n","protected":false},"excerpt":{"rendered":"<p>La colaboraci\u00f3n \u201cCutie Chaos\u201d marca la primera asociaci\u00f3n de Zara con el estilista brit\u00e1nico Harry Lambert, conocido por ser el estilista de Harry Styles. La colecci\u00f3n est\u00e1 compuesta por m\u00e1s de 60 piezas, incluyendo ropa y accesorios, y se caracteriza por una est\u00e9tica nost\u00e1lgica con fuertes referencias a los a\u00f1os 60 y 70, cortes oversize, colores retro y un aire l\u00fadico y personal.<\/p>\n","protected":false},"author":1,"featured_media":242,"comment_status":"closed","ping_status":"open","sticky":false,"template":"","format":"standard","meta":{"pgc_sgb_lightbox_settings":"","footnotes":""},"categories":[41,30],"tags":[43,33,31],"class_list":["post-238","post","type-post","status-publish","format-standard","has-post-thumbnail","hentry","category-colaboraciones","category-zara","tag-colaboracion","tag-inditex","tag-moda"],"_links":{"self":[{"href":"https:\/\/gicd.inf.um.es\/csidpub\/usuario32\/wp-json\/wp\/v2\/posts\/238","targetHints":{"allow":["GET"]}}],"collection":[{"href":"https:\/\/gicd.inf.um.es\/csidpub\/usuario32\/wp-json\/wp\/v2\/posts"}],"about":[{"href":"https:\/\/gicd.inf.um.es\/csidpub\/usuario32\/wp-json\/wp\/v2\/types\/post"}],"author":[{"embeddable":true,"href":"https:\/\/gicd.inf.um.es\/csidpub\/usuario32\/wp-json\/wp\/v2\/users\/1"}],"replies":[{"embeddable":true,"href":"https:\/\/gicd.inf.um.es\/csidpub\/usuario32\/wp-json\/wp\/v2\/comments?post=238"}],"version-history":[{"count":1,"href":"https:\/\/gicd.inf.um.es\/csidpub\/usuario32\/wp-json\/wp\/v2\/posts\/238\/revisions"}],"predecessor-version":[{"id":243,"href":"https:\/\/gicd.inf.um.es\/csidpub\/usuario32\/wp-json\/wp\/v2\/posts\/238\/revisions\/243"}],"wp:featuredmedia":[{"embeddable":true,"href":"https:\/\/gicd.inf.um.es\/csidpub\/usuario32\/wp-json\/wp\/v2\/media\/242"}],"wp:attachment":[{"href":"https:\/\/gicd.inf.um.es\/csidpub\/usuario32\/wp-json\/wp\/v2\/media?parent=238"}],"wp:term":[{"taxonomy":"category","embeddable":true,"href":"https:\/\/gicd.inf.um.es\/csidpub\/usuario32\/wp-json\/wp\/v2\/categories?post=238"},{"taxonomy":"post_tag","embeddable":true,"href":"https:\/\/gicd.inf.um.es\/csidpub\/usuario32\/wp-json\/wp\/v2\/tags?post=238"}],"curies":[{"name":"wp","href":"https:\/\/api.w.org\/{rel}","templated":true}]}}