{"id":253,"date":"2025-11-19T18:50:13","date_gmt":"2025-11-19T17:50:13","guid":{"rendered":"https:\/\/gicd.inf.um.es\/csidpub\/usuario32\/?p=253"},"modified":"2025-11-25T17:52:58","modified_gmt":"2025-11-25T16:52:58","slug":"zara-home-x-vincent-van-duysen","status":"publish","type":"post","link":"https:\/\/gicd.inf.um.es\/csidpub\/usuario32\/zara-home-x-vincent-van-duysen\/","title":{"rendered":"Zara Home \u00d7 Vincent Van Duysen"},"content":{"rendered":"\n<p>Zara Home se asoci\u00f3 con el arquitecto y dise\u00f1ador belga <strong>Vincent Van Duysen<\/strong>, reconocido por su estilo minimalista, elegante y atemporal, para lanzar la l\u00ednea <strong>Zara Home+ by Vincent Van Duysen<\/strong>. Esta colaboraci\u00f3n busca acercar el dise\u00f1o de autor a un p\u00fablico m\u00e1s amplio mediante piezas accesibles, pero con un enfoque premium y duradero.<\/p>\n\n\n\n<h4 class=\"wp-block-heading\">Concepto y estilo<\/h4>\n\n\n\n<p>La colecci\u00f3n se centra en piezas atemporales, con un fuerte componente sensorial y est\u00e9tica minimalista, combinando funcionalidad con calidez. Los materiales nobles, como lino, madera y cuero, son protagonistas, y las l\u00edneas limpias permiten que cada pieza encaje en distintos estilos de hogar sin perder personalidad.<\/p>\n\n\n\n<h4 class=\"wp-block-heading\">Productos destacados<\/h4>\n\n\n\n<ul class=\"wp-block-list\">\n<li><strong>Muebles<\/strong>: sof\u00e1s, mesas bajas, consolas y taburetes.<\/li>\n\n\n\n<li><strong>Iluminaci\u00f3n<\/strong>: l\u00e1mparas con dise\u00f1os simples y materiales naturales.<\/li>\n\n\n\n<li><strong>Textiles<\/strong>: alfombras, cojines y mantas de lino, algod\u00f3n y lana.<\/li>\n\n\n\n<li><strong>Decoraci\u00f3n<\/strong>: jarrones, vajillas y accesorios en piedra, madera y cuero.<\/li>\n<\/ul>\n\n\n\n<h4 class=\"wp-block-heading\">Filosof\u00eda<\/h4>\n\n\n\n<p>Van Duysen enfatiza la durabilidad y la atemporalidad sobre la moda ef\u00edmera. Cada pieza busca ofrecer est\u00e9tica y bienestar al hogar, fomentando un consumo m\u00e1s responsable y consciente. La colaboraci\u00f3n incluye pop-ups y lanzamientos selectivos en tiendas para destacar piezas clave.<\/p>\n\n\n\n<figure class=\"wp-block-gallery has-nested-images columns-default is-cropped wp-block-gallery-1 is-layout-flex wp-block-gallery-is-layout-flex\">\n<figure class=\"wp-block-image size-large\"><img loading=\"lazy\" decoding=\"async\" width=\"1024\" height=\"1024\" data-id=\"256\" src=\"https:\/\/gicd.inf.um.es\/csidpub\/usuario32\/wp-content\/uploads\/2025\/11\/A-BAROQUE-DREAM-1-1024x1024.jpg\" alt=\"\" class=\"wp-image-256\" srcset=\"https:\/\/gicd.inf.um.es\/csidpub\/usuario32\/wp-content\/uploads\/2025\/11\/A-BAROQUE-DREAM-1-1024x1024.jpg 1024w, https:\/\/gicd.inf.um.es\/csidpub\/usuario32\/wp-content\/uploads\/2025\/11\/A-BAROQUE-DREAM-1-300x300.jpg 300w, https:\/\/gicd.inf.um.es\/csidpub\/usuario32\/wp-content\/uploads\/2025\/11\/A-BAROQUE-DREAM-1-150x150.jpg 150w, https:\/\/gicd.inf.um.es\/csidpub\/usuario32\/wp-content\/uploads\/2025\/11\/A-BAROQUE-DREAM-1-768x768.jpg 768w, https:\/\/gicd.inf.um.es\/csidpub\/usuario32\/wp-content\/uploads\/2025\/11\/A-BAROQUE-DREAM-1-1536x1536.jpg 1536w, https:\/\/gicd.inf.um.es\/csidpub\/usuario32\/wp-content\/uploads\/2025\/11\/A-BAROQUE-DREAM-1-2048x2048.jpg 2048w\" sizes=\"auto, (max-width: 1024px) 100vw, 1024px\" \/><\/figure>\n\n\n\n<figure class=\"wp-block-image size-large\"><img loading=\"lazy\" decoding=\"async\" width=\"1024\" height=\"576\" data-id=\"254\" src=\"https:\/\/gicd.inf.um.es\/csidpub\/usuario32\/wp-content\/uploads\/2025\/11\/f.elconfidencial.com_original_2a8_1e8_481_2a81e84810b4f9d9c90b487c842119a8-1024x576.jpg\" alt=\"\" class=\"wp-image-254\" srcset=\"https:\/\/gicd.inf.um.es\/csidpub\/usuario32\/wp-content\/uploads\/2025\/11\/f.elconfidencial.com_original_2a8_1e8_481_2a81e84810b4f9d9c90b487c842119a8-1024x576.jpg 1024w, https:\/\/gicd.inf.um.es\/csidpub\/usuario32\/wp-content\/uploads\/2025\/11\/f.elconfidencial.com_original_2a8_1e8_481_2a81e84810b4f9d9c90b487c842119a8-300x169.jpg 300w, https:\/\/gicd.inf.um.es\/csidpub\/usuario32\/wp-content\/uploads\/2025\/11\/f.elconfidencial.com_original_2a8_1e8_481_2a81e84810b4f9d9c90b487c842119a8-768x432.jpg 768w, https:\/\/gicd.inf.um.es\/csidpub\/usuario32\/wp-content\/uploads\/2025\/11\/f.elconfidencial.com_original_2a8_1e8_481_2a81e84810b4f9d9c90b487c842119a8-1280x720.jpg 1280w, https:\/\/gicd.inf.um.es\/csidpub\/usuario32\/wp-content\/uploads\/2025\/11\/f.elconfidencial.com_original_2a8_1e8_481_2a81e84810b4f9d9c90b487c842119a8.jpg 1440w\" sizes=\"auto, (max-width: 1024px) 100vw, 1024px\" \/><\/figure>\n\n\n\n<figure class=\"wp-block-image size-large\"><img loading=\"lazy\" decoding=\"async\" width=\"1024\" height=\"576\" data-id=\"255\" src=\"https:\/\/gicd.inf.um.es\/csidpub\/usuario32\/wp-content\/uploads\/2025\/11\/f.elconfidencial.com_original_fd0_6f4_934_fd06f4934f5404bef9db00f38541024c-1024x576.jpg\" alt=\"\" class=\"wp-image-255\" srcset=\"https:\/\/gicd.inf.um.es\/csidpub\/usuario32\/wp-content\/uploads\/2025\/11\/f.elconfidencial.com_original_fd0_6f4_934_fd06f4934f5404bef9db00f38541024c-1024x576.jpg 1024w, https:\/\/gicd.inf.um.es\/csidpub\/usuario32\/wp-content\/uploads\/2025\/11\/f.elconfidencial.com_original_fd0_6f4_934_fd06f4934f5404bef9db00f38541024c-300x169.jpg 300w, https:\/\/gicd.inf.um.es\/csidpub\/usuario32\/wp-content\/uploads\/2025\/11\/f.elconfidencial.com_original_fd0_6f4_934_fd06f4934f5404bef9db00f38541024c-768x432.jpg 768w, https:\/\/gicd.inf.um.es\/csidpub\/usuario32\/wp-content\/uploads\/2025\/11\/f.elconfidencial.com_original_fd0_6f4_934_fd06f4934f5404bef9db00f38541024c-1280x720.jpg 1280w, https:\/\/gicd.inf.um.es\/csidpub\/usuario32\/wp-content\/uploads\/2025\/11\/f.elconfidencial.com_original_fd0_6f4_934_fd06f4934f5404bef9db00f38541024c.jpg 1440w\" sizes=\"auto, (max-width: 1024px) 100vw, 1024px\" \/><\/figure>\n<\/figure>\n","protected":false},"excerpt":{"rendered":"<p>Zara Home se asoci\u00f3 con el arquitecto y dise\u00f1ador belga Vincent Van Duysen, reconocido por su estilo minimalista, elegante y atemporal, para lanzar la l\u00ednea Zara Home+ by Vincent Van Duysen. Esta colaboraci\u00f3n busca acercar el dise\u00f1o de autor a un p\u00fablico m\u00e1s amplio mediante piezas accesibles, pero con un enfoque premium y duradero. Concepto [&hellip;]<\/p>\n","protected":false},"author":1,"featured_media":257,"comment_status":"closed","ping_status":"open","sticky":false,"template":"","format":"standard","meta":{"pgc_sgb_lightbox_settings":"","footnotes":""},"categories":[41],"tags":[43,33,40],"class_list":["post-253","post","type-post","status-publish","format-standard","has-post-thumbnail","hentry","category-colaboraciones","tag-colaboracion","tag-inditex","tag-lujo"],"_links":{"self":[{"href":"https:\/\/gicd.inf.um.es\/csidpub\/usuario32\/wp-json\/wp\/v2\/posts\/253","targetHints":{"allow":["GET"]}}],"collection":[{"href":"https:\/\/gicd.inf.um.es\/csidpub\/usuario32\/wp-json\/wp\/v2\/posts"}],"about":[{"href":"https:\/\/gicd.inf.um.es\/csidpub\/usuario32\/wp-json\/wp\/v2\/types\/post"}],"author":[{"embeddable":true,"href":"https:\/\/gicd.inf.um.es\/csidpub\/usuario32\/wp-json\/wp\/v2\/users\/1"}],"replies":[{"embeddable":true,"href":"https:\/\/gicd.inf.um.es\/csidpub\/usuario32\/wp-json\/wp\/v2\/comments?post=253"}],"version-history":[{"count":1,"href":"https:\/\/gicd.inf.um.es\/csidpub\/usuario32\/wp-json\/wp\/v2\/posts\/253\/revisions"}],"predecessor-version":[{"id":258,"href":"https:\/\/gicd.inf.um.es\/csidpub\/usuario32\/wp-json\/wp\/v2\/posts\/253\/revisions\/258"}],"wp:featuredmedia":[{"embeddable":true,"href":"https:\/\/gicd.inf.um.es\/csidpub\/usuario32\/wp-json\/wp\/v2\/media\/257"}],"wp:attachment":[{"href":"https:\/\/gicd.inf.um.es\/csidpub\/usuario32\/wp-json\/wp\/v2\/media?parent=253"}],"wp:term":[{"taxonomy":"category","embeddable":true,"href":"https:\/\/gicd.inf.um.es\/csidpub\/usuario32\/wp-json\/wp\/v2\/categories?post=253"},{"taxonomy":"post_tag","embeddable":true,"href":"https:\/\/gicd.inf.um.es\/csidpub\/usuario32\/wp-json\/wp\/v2\/tags?post=253"}],"curies":[{"name":"wp","href":"https:\/\/api.w.org\/{rel}","templated":true}]}}