{"id":374,"date":"2025-11-25T17:24:23","date_gmt":"2025-11-25T16:24:23","guid":{"rendered":"https:\/\/gicd.inf.um.es\/csidpub\/usuario32\/?p=374"},"modified":"2025-11-25T17:55:52","modified_gmt":"2025-11-25T16:55:52","slug":"lefties","status":"publish","type":"post","link":"https:\/\/gicd.inf.um.es\/csidpub\/usuario32\/lefties\/","title":{"rendered":"LEFTIES"},"content":{"rendered":"\n<h2 class=\"wp-block-heading\">Historia <\/h2>\n\n\n\n<p>Lefties es una marca espa\u00f1ola de moda perteneciente al grupo Inditex, fundada en 1999. Naci\u00f3 con un prop\u00f3sito muy concreto: dar salida a los excedentes y prendas con peque\u00f1os defectos procedentes de Zara, la marca insignia del grupo. En sus primeros a\u00f1os, Lefties funcionaba esencialmente como un outlet, vendiendo ropa de temporadas anteriores o con ligeras imperfecciones a precios m\u00e1s bajos. Su primera tienda abri\u00f3 en la calle Carretas de Madrid y r\u00e1pidamente se gan\u00f3 la atenci\u00f3n del p\u00fablico por ofrecer moda de calidad a precios asequibles.<\/p>\n\n\n\n<p>Con el paso del tiempo, Lefties comenz\u00f3 a transformarse. El grupo Inditex vio el potencial de la marca m\u00e1s all\u00e1 del concepto de outlet y decidi\u00f3 convertirla en una ense\u00f1a con identidad propia. As\u00ed, la compa\u00f1\u00eda empez\u00f3 a desarrollar colecciones exclusivas dise\u00f1adas espec\u00edficamente para Lefties, con una oferta que abarcaba ropa para mujer, hombre, ni\u00f1os y beb\u00e9s, adem\u00e1s de complementos, calzado y prendas para el hogar. Esta evoluci\u00f3n marc\u00f3 el inicio de su etapa como una <strong>marca de moda accesible<\/strong>, comparable a competidores como Primark o H&amp;M.<\/p>\n\n\n\n<p>Durante los a\u00f1os 2000 y especialmente tras la crisis econ\u00f3mica de 2008, Lefties se consolid\u00f3 como la marca <strong>low cost<\/strong> del grupo Inditex. Mientras otras ense\u00f1as del grupo apostaban por la moda de tendencia, Lefties centr\u00f3 su estrategia en ofrecer dise\u00f1os sencillos, funcionales y asequibles, manteniendo los est\u00e1ndares de calidad caracter\u00edsticos de Inditex. En 2014, lanz\u00f3 su tienda online, lo que le permiti\u00f3 llegar a m\u00e1s clientes y modernizar su experiencia de compra.<\/p>\n\n\n\n<p>El crecimiento internacional no tard\u00f3 en llegar. Lefties expandi\u00f3 su red de tiendas fuera de Espa\u00f1a y actualmente cuenta con presencia en varios pa\u00edses de Europa, Oriente Medio y Latinoam\u00e9rica. Su centro log\u00edstico principal se encuentra en Tordera (Barcelona), desde donde se gestiona la distribuci\u00f3n global de sus colecciones.<\/p>\n\n\n\n<p>En los \u00faltimos a\u00f1os, Lefties ha experimentado una profunda renovaci\u00f3n de marca. Ha modernizado su imagen, redise\u00f1ado su logotipo \u2014ahora con tipograf\u00eda en may\u00fasculas\u2014 y reformado muchas de sus tiendas para ofrecer una experiencia m\u00e1s tecnol\u00f3gica y atractiva. Adem\u00e1s, ha ampliado su propuesta con nuevas l\u00edneas como <strong>Lefties Home<\/strong>, dedicada al hogar, y ha incorporado soluciones digitales como cajas autom\u00e1ticas, pantallas interactivas y corners tecnol\u00f3gicos en sus tiendas \u201cflagship\u201d.<\/p>\n\n\n\n<p>En 2025, la marca present\u00f3 su nueva identidad con el evento <strong>Lefties House<\/strong>, un espacio inmersivo que reflej\u00f3 su transformaci\u00f3n hacia una marca m\u00e1s innovadora, moderna y cercana a las nuevas generaciones. Su objetivo actual es posicionarse no solo como una marca de bajo costo, sino como una <strong>alternativa global de moda inteligente, sostenible y accesible<\/strong>.<\/p>\n\n\n\n<p>Hoy en d\u00eda, Lefties cuenta con m\u00e1s de 170 tiendas en el mundo y contin\u00faa expandi\u00e9ndose con fuerza. Su evoluci\u00f3n demuestra c\u00f3mo una marca que naci\u00f3 como un simple outlet ha logrado reinventarse por completo para convertirse en uno de los pilares m\u00e1s s\u00f3lidos del grupo Inditex, manteniendo siempre su esencia: ofrecer moda para todos los p\u00fablicos a precios competitivos, sin renunciar al estilo ni a la calidad.<\/p>\n\n\n\n<h2 class=\"wp-block-heading\">Galer\u00eda<\/h2>\n\n\n\n<figure class=\"wp-block-gallery has-nested-images columns-default is-cropped wp-block-gallery-1 is-layout-flex wp-block-gallery-is-layout-flex\">\n<figure class=\"wp-block-image size-large\"><img decoding=\"async\" data-id=\"375\" src=\"https:\/\/gicd.inf.um.es\/csidpub\/usuario32\/wp-content\/uploads\/2025\/11\/3e08.avif\" alt=\"\" class=\"wp-image-375\"\/><\/figure>\n\n\n\n<figure class=\"wp-block-image size-large\"><img loading=\"lazy\" decoding=\"async\" width=\"800\" height=\"1000\" data-id=\"377\" src=\"https:\/\/gicd.inf.um.es\/csidpub\/usuario32\/wp-content\/uploads\/2025\/11\/05-lefties-digital-store-portal-barcelona-640b21348f668.avif\" alt=\"\" class=\"wp-image-377\" srcset=\"https:\/\/gicd.inf.um.es\/csidpub\/usuario32\/wp-content\/uploads\/2025\/11\/05-lefties-digital-store-portal-barcelona-640b21348f668.avif 800w, https:\/\/gicd.inf.um.es\/csidpub\/usuario32\/wp-content\/uploads\/2025\/11\/05-lefties-digital-store-portal-barcelona-640b21348f668-240x300.jpg 240w, https:\/\/gicd.inf.um.es\/csidpub\/usuario32\/wp-content\/uploads\/2025\/11\/05-lefties-digital-store-portal-barcelona-640b21348f668-768x960.jpg 768w\" sizes=\"auto, (max-width: 800px) 100vw, 800px\" \/><\/figure>\n\n\n\n<figure class=\"wp-block-image size-large\"><img loading=\"lazy\" decoding=\"async\" width=\"640\" height=\"639\" data-id=\"376\" src=\"https:\/\/gicd.inf.um.es\/csidpub\/usuario32\/wp-content\/uploads\/2025\/11\/elle-lefties-tienda-online-zara-inditex-b-1578929012.avif\" alt=\"\" class=\"wp-image-376\" srcset=\"https:\/\/gicd.inf.um.es\/csidpub\/usuario32\/wp-content\/uploads\/2025\/11\/elle-lefties-tienda-online-zara-inditex-b-1578929012.avif 640w, https:\/\/gicd.inf.um.es\/csidpub\/usuario32\/wp-content\/uploads\/2025\/11\/elle-lefties-tienda-online-zara-inditex-b-1578929012-300x300.jpg 300w, https:\/\/gicd.inf.um.es\/csidpub\/usuario32\/wp-content\/uploads\/2025\/11\/elle-lefties-tienda-online-zara-inditex-b-1578929012-150x150.jpg 150w\" sizes=\"auto, (max-width: 640px) 100vw, 640px\" \/><\/figure>\n<\/figure>\n\n\n\n<h2 class=\"wp-block-heading\">M\u00fasica de tienda <\/h2>\n\n\n\n<figure class=\"wp-block-embed is-type-rich is-provider-spotify wp-block-embed-spotify wp-embed-aspect-21-9 wp-has-aspect-ratio\"><div class=\"wp-block-embed__wrapper\">\n<iframe title=\"Spotify Embed: Shopping at Lefties\" style=\"border-radius: 12px\" width=\"100%\" height=\"352\" frameborder=\"0\" allowfullscreen allow=\"autoplay; clipboard-write; encrypted-media; fullscreen; picture-in-picture\" loading=\"lazy\" src=\"https:\/\/open.spotify.com\/embed\/playlist\/1BgjynCIG5Z1UBF2OIt2Bs?utm_source=oembed\"><\/iframe>\n<\/div><\/figure>\n","protected":false},"excerpt":{"rendered":"<p>Historia Lefties es una marca espa\u00f1ola de moda perteneciente al grupo Inditex, fundada en 1999. Naci\u00f3 con un prop\u00f3sito muy concreto: dar salida a los excedentes y prendas con peque\u00f1os defectos procedentes de Zara, la marca insignia del grupo. En sus primeros a\u00f1os, Lefties funcionaba esencialmente como un outlet, vendiendo ropa de temporadas anteriores o [&hellip;]<\/p>\n","protected":false},"author":1,"featured_media":378,"comment_status":"closed","ping_status":"open","sticky":false,"template":"","format":"standard","meta":{"pgc_sgb_lightbox_settings":"","footnotes":""},"categories":[29],"tags":[33,42,31],"class_list":["post-374","post","type-post","status-publish","format-standard","has-post-thumbnail","hentry","category-moda","tag-inditex","tag-marca","tag-moda"],"_links":{"self":[{"href":"https:\/\/gicd.inf.um.es\/csidpub\/usuario32\/wp-json\/wp\/v2\/posts\/374","targetHints":{"allow":["GET"]}}],"collection":[{"href":"https:\/\/gicd.inf.um.es\/csidpub\/usuario32\/wp-json\/wp\/v2\/posts"}],"about":[{"href":"https:\/\/gicd.inf.um.es\/csidpub\/usuario32\/wp-json\/wp\/v2\/types\/post"}],"author":[{"embeddable":true,"href":"https:\/\/gicd.inf.um.es\/csidpub\/usuario32\/wp-json\/wp\/v2\/users\/1"}],"replies":[{"embeddable":true,"href":"https:\/\/gicd.inf.um.es\/csidpub\/usuario32\/wp-json\/wp\/v2\/comments?post=374"}],"version-history":[{"count":1,"href":"https:\/\/gicd.inf.um.es\/csidpub\/usuario32\/wp-json\/wp\/v2\/posts\/374\/revisions"}],"predecessor-version":[{"id":379,"href":"https:\/\/gicd.inf.um.es\/csidpub\/usuario32\/wp-json\/wp\/v2\/posts\/374\/revisions\/379"}],"wp:featuredmedia":[{"embeddable":true,"href":"https:\/\/gicd.inf.um.es\/csidpub\/usuario32\/wp-json\/wp\/v2\/media\/378"}],"wp:attachment":[{"href":"https:\/\/gicd.inf.um.es\/csidpub\/usuario32\/wp-json\/wp\/v2\/media?parent=374"}],"wp:term":[{"taxonomy":"category","embeddable":true,"href":"https:\/\/gicd.inf.um.es\/csidpub\/usuario32\/wp-json\/wp\/v2\/categories?post=374"},{"taxonomy":"post_tag","embeddable":true,"href":"https:\/\/gicd.inf.um.es\/csidpub\/usuario32\/wp-json\/wp\/v2\/tags?post=374"}],"curies":[{"name":"wp","href":"https:\/\/api.w.org\/{rel}","templated":true}]}}